{"id":119238,"date":"2025-12-28T12:12:17","date_gmt":"2025-12-28T12:12:17","guid":{"rendered":"https:\/\/www.europesays.com\/se\/119238\/"},"modified":"2025-12-28T12:12:17","modified_gmt":"2025-12-28T12:12:17","slug":"stormen-johannes-laget-under-sondagen","status":"publish","type":"post","link":"https:\/\/www.europesays.com\/se\/119238\/","title":{"rendered":"Stormen Johannes: L\u00e4get under s\u00f6ndagen"},"content":{"rendered":"<p>P\u00e5 s\u00f6ndagen meddelade polisen att en person omkommit i Hofors efter att ha f\u00e5tt ett fallande tr\u00e4d \u00f6ver sig. Totalt har tre d\u00f6dsolyckor skett till f\u00f6ljd av stormen, varav de tv\u00e5 andra skedde i Sandviken och H\u00e4rn\u00f6sand. I samtliga fall kl\u00e4mdes personerna fast under tr\u00e4d som fallit.<\/p>\n<p>Stormen Johannes lugnade sig under den tidiga s\u00f6ndagsmorgonen. Men stora m\u00e4ngder tr\u00e4d har fallit \u00f6ver v\u00e4gar och j\u00e4rnv\u00e4gar och 40\u00a0000 hush\u00e5ll \u00e4r fortsatt utan str\u00f6m.<\/p>\n","protected":false},"excerpt":{"rendered":"P\u00e5 s\u00f6ndagen meddelade polisen att en person omkommit i Hofors efter att ha f\u00e5tt ett fallande tr\u00e4d \u00f6ver&hellip;\n","protected":false},"author":2,"featured_media":119239,"comment_status":"","ping_status":"","sticky":false,"template":"","format":"standard","meta":{"footnotes":""},"categories":[5],"tags":[22,23,26,27,17,21,24,25,28,29,15,16,18,34,31,33,32,30,19,20],"class_list":{"0":"post-119238","1":"post","2":"type-post","3":"status-publish","4":"format-standard","5":"has-post-thumbnail","7":"category-rubriker","8":"tag-breaking-news","9":"tag-breakingnews","10":"tag-featured-news","11":"tag-featurednews","12":"tag-headlines","13":"tag-huvudnyheter","14":"tag-latest-news","15":"tag-latestnews","16":"tag-main-news","17":"tag-mainnews","18":"tag-news","19":"tag-nyheter","20":"tag-rubriker","21":"tag-se","22":"tag-svenska","23":"tag-sverige","24":"tag-sweden","25":"tag-swedish","26":"tag-top-stories","27":"tag-topstories"},"share_on_mastodon":{"url":"https:\/\/pubeurope.com\/@se\/115797134096877692","error":""},"_links":{"self":[{"href":"https:\/\/www.europesays.com\/se\/wp-json\/wp\/v2\/posts\/119238","targetHints":{"allow":["GET"]}}],"collection":[{"href":"https:\/\/www.europesays.com\/se\/wp-json\/wp\/v2\/posts"}],"about":[{"href":"https:\/\/www.europesays.com\/se\/wp-json\/wp\/v2\/types\/post"}],"author":[{"embeddable":true,"href":"https:\/\/www.europesays.com\/se\/wp-json\/wp\/v2\/users\/2"}],"replies":[{"embeddable":true,"href":"https:\/\/www.europesays.com\/se\/wp-json\/wp\/v2\/comments?post=119238"}],"version-history":[{"count":0,"href":"https:\/\/www.europesays.com\/se\/wp-json\/wp\/v2\/posts\/119238\/revisions"}],"wp:featuredmedia":[{"embeddable":true,"href":"https:\/\/www.europesays.com\/se\/wp-json\/wp\/v2\/media\/119239"}],"wp:attachment":[{"href":"https:\/\/www.europesays.com\/se\/wp-json\/wp\/v2\/media?parent=119238"}],"wp:term":[{"taxonomy":"category","embeddable":true,"href":"https:\/\/www.europesays.com\/se\/wp-json\/wp\/v2\/categories?post=119238"},{"taxonomy":"post_tag","embeddable":true,"href":"https:\/\/www.europesays.com\/se\/wp-json\/wp\/v2\/tags?post=119238"}],"curies":[{"name":"wp","href":"https:\/\/api.w.org\/{rel}","templated":true}]}}