{"id":119242,"date":"2025-12-28T12:20:14","date_gmt":"2025-12-28T12:20:14","guid":{"rendered":"https:\/\/www.europesays.com\/se\/119242\/"},"modified":"2025-12-28T12:20:14","modified_gmt":"2025-12-28T12:20:14","slug":"fel-att-krokom-ska-vara-med-och-betala-for-bro-ostersunds-posten","status":"publish","type":"post","link":"https:\/\/www.europesays.com\/se\/119242\/","title":{"rendered":"Fel att Krokom ska vara med och betala f\u00f6r bro \u2013 \u00d6stersunds-Posten"},"content":{"rendered":"<p>Har sett att Krokoms kommun ska st\u00e5 f\u00f6r 40 procent av byggkostnaden, cirka 41 miljoner kronor, <a class=\"article__content-link\" href=\"https:\/\/www.op.se\/2025-11-24\/krokom-betalar-40-miljoner-for-statlig-vag-oskaligt\/\" rel=\"nofollow noopener\" target=\"_blank\">till en ny planskild korsning vid \u00c5skorset, E 14.<\/a> Jag kan f\u00f6rst\u00e5 behovet av en ny planskild korsning d\u00e4r. Det beh\u00f6vs, men \u00e4r det en kommuns k\u00e4rnverksamhet? Bygga broar \u00f6ver en Europav\u00e4g?<\/p>\n<p>Hur kan det ens vara till\u00e5tet? Ligger inte det ansvaret p\u00e5 p\u00e5 staten, Trafikverket? Trafikverket l\u00e4r ju gnugga sina h\u00e4nder, nu kan de skicka dessa 41 miljoner till v\u00e4gar i s\u00f6dra Sverige. H\u00e4lsningar fr\u00e5n dumma j\u00e4mtar. <\/p>\n<p><a class=\"article__content-link\" href=\"https:\/\/www.op.se\/skicka-in-insandare-debatt\" rel=\"nofollow noopener\" target=\"_blank\">(Har du n\u00e5got att s\u00e4ga? <strong>H\u00e4r kan du enkelt skriva och skicka in en ins\u00e4ndare eller debattartikel.)<\/strong><\/a><\/p>\n<p>Vad h\u00e4nder om byggkostnaden \u00f6kar med 50 procent? \u00c4r v\u00e4l inte helt ovanligt att byggkostnader \u00f6verskrider budget. Bygget ligger dessutom n\u00e5gra \u00e5r fram\u00e5t,  2027\u20132029. \u00d6kar v\u00e4l knappast en budgets tr\u00e4ffs\u00e4kerhet.<\/p>\n<p>Vips s\u00e5 \u00f6kade Krokoms kommuns kostnad med 20 miljoner. \u00c4r det undersk\u00f6terskor p\u00e5 n\u00e5got \u00e4ldreboende eller kanske l\u00e4rare p\u00e5 n\u00e5gra skolor som s\u00e4gs upp? N\u00e5gon byskola g\u00e5r ju alltid att l\u00e4gga ner. Eller \u00e4r det kanske vi skattebetalare i kommunen som f\u00e5r en skatteh\u00f6jning? <\/p>\n<p>Sen f\u00e5r vi hoppas att kommunstyrelsens ordf\u00f6rande Maria Jacobsson (S) ord att kommunen blir \u00e4nnu mer attraktiv kommun att bo i st\u00e4mmer. Hennes ord finns p\u00e5 kommunens hemsida. S\u00e5 att vi blir fler som f\u00e5r dela p\u00e5 Trafikverkets extra faktura under 2029.<\/p>\n<p>Hoppas som avslutning att detta avtal mellan kommunen och Trafikverket inte h\u00e5ller samma niv\u00e5 som kommunen skrev med F\u00f6renade Care.<\/p>\n<p><strong>Snart en f d kommuninv\u00e5nare<\/strong><\/p>\n","protected":false},"excerpt":{"rendered":"Har sett att Krokoms kommun ska st\u00e5 f\u00f6r 40 procent av byggkostnaden, cirka 41 miljoner kronor, till en&hellip;\n","protected":false},"author":2,"featured_media":119243,"comment_status":"","ping_status":"","sticky":false,"template":"","format":"standard","meta":{"footnotes":""},"categories":[12],"tags":[22,23,26,27,17,21,24,25,28,29,15,16,18,34,31,33,32,30,19,20],"class_list":{"0":"post-119242","1":"post","2":"type-post","3":"status-publish","4":"format-standard","5":"has-post-thumbnail","7":"category-sverige","8":"tag-breaking-news","9":"tag-breakingnews","10":"tag-featured-news","11":"tag-featurednews","12":"tag-headlines","13":"tag-huvudnyheter","14":"tag-latest-news","15":"tag-latestnews","16":"tag-main-news","17":"tag-mainnews","18":"tag-news","19":"tag-nyheter","20":"tag-rubriker","21":"tag-se","22":"tag-svenska","23":"tag-sverige","24":"tag-sweden","25":"tag-swedish","26":"tag-top-stories","27":"tag-topstories"},"share_on_mastodon":{"url":"https:\/\/pubeurope.com\/@se\/115797165692208766","error":""},"_links":{"self":[{"href":"https:\/\/www.europesays.com\/se\/wp-json\/wp\/v2\/posts\/119242","targetHints":{"allow":["GET"]}}],"collection":[{"href":"https:\/\/www.europesays.com\/se\/wp-json\/wp\/v2\/posts"}],"about":[{"href":"https:\/\/www.europesays.com\/se\/wp-json\/wp\/v2\/types\/post"}],"author":[{"embeddable":true,"href":"https:\/\/www.europesays.com\/se\/wp-json\/wp\/v2\/users\/2"}],"replies":[{"embeddable":true,"href":"https:\/\/www.europesays.com\/se\/wp-json\/wp\/v2\/comments?post=119242"}],"version-history":[{"count":0,"href":"https:\/\/www.europesays.com\/se\/wp-json\/wp\/v2\/posts\/119242\/revisions"}],"wp:featuredmedia":[{"embeddable":true,"href":"https:\/\/www.europesays.com\/se\/wp-json\/wp\/v2\/media\/119243"}],"wp:attachment":[{"href":"https:\/\/www.europesays.com\/se\/wp-json\/wp\/v2\/media?parent=119242"}],"wp:term":[{"taxonomy":"category","embeddable":true,"href":"https:\/\/www.europesays.com\/se\/wp-json\/wp\/v2\/categories?post=119242"},{"taxonomy":"post_tag","embeddable":true,"href":"https:\/\/www.europesays.com\/se\/wp-json\/wp\/v2\/tags?post=119242"}],"curies":[{"name":"wp","href":"https:\/\/api.w.org\/{rel}","templated":true}]}}