{"id":119311,"date":"2025-12-29T07:51:08","date_gmt":"2025-12-29T07:51:08","guid":{"rendered":"https:\/\/www.europesays.com\/se\/119311\/"},"modified":"2025-12-29T07:51:08","modified_gmt":"2025-12-29T07:51:08","slug":"svensk-tv-historia-far-nytt-liv-macken-byggs-upp-pa-nytt","status":"publish","type":"post","link":"https:\/\/www.europesays.com\/se\/119311\/","title":{"rendered":"Svensk tv-historia f\u00e5r nytt liv \u2013 Macken byggs upp p\u00e5 nytt"},"content":{"rendered":"<p>Efter m\u00e5nga \u00e5r av tystnad h\u00e4nder det pl\u00f6tsligt n\u00e5got som f\u00e5r b\u00e5de nostalgiker och bilentusiaster att spetsa \u00f6ronen. Den v\u00e4lk\u00e4nda macken fr\u00e5n <a href=\"https:\/\/sv.wikipedia.org\/wiki\/Macken\" rel=\"nofollow noopener\" target=\"_blank\">Macken<\/a> h\u00e5ller p\u00e5 att byggas upp igen. <\/p>\n<p>Den plats som en g\u00e5ng f\u00f6rest\u00e4llde Roys och Rogers bilservice i filmen fr\u00e5n 1990 f\u00f6rst\u00f6rdes i en brand 2014, men nu tas ett f\u00f6rsta konkret steg mot att \u00e5terskapa den ikoniska exteri\u00f6ren i Bitterna, s\u00f6der om Vedum i Vara kommun.<\/p>\n<p>Bakom projektet st\u00e5r fastighets\u00e4garen <strong>Gustav Nilstr\u00f6mer<\/strong> fr\u00e5n Bor\u00e5s. Han har nyligen ropat in den karakt\u00e4ristiska fasaden, i folkmun kallad skivr\u00f6rskap, p\u00e5 auktion, ber\u00e4ttar han f\u00f6r <a href=\"https:\/\/www.sverigesradio.se\/artikel\/roy-och-roger-macken-gor-comeback-efter-branden--2\" rel=\"nofollow noopener\" target=\"_blank\">Sveriges Radio<\/a>. <\/p>\n<p>Planen \u00e4r tydlig: macken ska st\u00e5 f\u00e4rdig under n\u00e4sta \u00e5r, exakt n\u00e4r tv-serien fyller 40 \u00e5r. Ett jubileum som f\u00f6r m\u00e5nga svenskar sitter lika djupt som doften av bensin och ljudet av en tr\u00f6gstartad Volvo 240.<\/p>\n<p><img loading=\"lazy\" decoding=\"async\" width=\"1024\" height=\"512\" src=\"https:\/\/www.europesays.com\/se\/wp-content\/uploads\/2025\/12\/Ingvar-SvenssonTT-1024x512.png\" alt=\"Roy och Roger som vi minns dem. (Foto: Ingvar Svensson\/TT)\" class=\"wp-image-1596752\"  \/>Roy och Roger som vi minns dem. (Foto: Ingvar Svensson\/TT)Ett stycke svensk bil- och tv-historia<\/p>\n<p>N\u00e4r Macken f\u00f6rst s\u00e4ndes i SVT h\u00f6sten 1986 var det ingen som talade om varum\u00e4rkesbyggande eller nostalgi. Det handlade om vardag, bilar som kr\u00e5nglade och m\u00e4nniskor som gjorde detsamma. <\/p>\n<p>Roy och Roger skruvade, sj\u00f6ng och tog emot kunder som aldrig riktigt fick fram sitt \u00e4rende. Serien blev snabbt en samlingspunkt f\u00f6r hela landet och lockade i sitt sista avsnitt \u00f6ver 3,6 miljoner tittare.<\/p>\n<p>Filmen <a href=\"https:\/\/www.imdb.com\/title\/tt0100083\/\" rel=\"nofollow noopener\" target=\"_blank\">Macken \u2013 Roy\u2019s &amp; Roger\u2019s Bilservice<\/a> fr\u00e5n 1990 gav f\u00f6r f\u00f6rsta g\u00e5ngen publiken en tydlig bild av macken utifr\u00e5n. Inspelningsplatsen i Bitterna blev med tiden ett utflyktsm\u00e5l f\u00f6r fans, innan branden satte punkt f\u00f6r det hela. <\/p>\n<p>Att platsen nu \u00e5teruppst\u00e5r handlar inte bara om kulisser, utan om att bevara ett stycke svensk kulturhistoria d\u00e4r bilen alltid stod i centrum, men m\u00e4nniskorna var viktigast.<\/p>\n<p><img loading=\"lazy\" decoding=\"async\" width=\"1024\" height=\"512\" src=\"https:\/\/www.europesays.com\/se\/wp-content\/uploads\/2025\/12\/Bertil-EricsonTT-1024x512.png\" alt=\"Vilket \u00e4r ditt b\u00e4sta minne med serien? (Foto: Bertil Ericson\/TT)\" class=\"wp-image-1596751\"  \/>Vilket \u00e4r ditt b\u00e4sta minne med serien? (Foto: Bertil Ericson\/TT)<\/p>\n","protected":false},"excerpt":{"rendered":"Efter m\u00e5nga \u00e5r av tystnad h\u00e4nder det pl\u00f6tsligt n\u00e5got som f\u00e5r b\u00e5de nostalgiker och bilentusiaster att spetsa \u00f6ronen.&hellip;\n","protected":false},"author":2,"featured_media":119312,"comment_status":"","ping_status":"","sticky":false,"template":"","format":"standard","meta":{"footnotes":""},"categories":[67],"tags":[104,7453,12743,10781,34,31,33,32,30,956,105],"class_list":{"0":"post-119311","1":"post","2":"type-post","3":"status-publish","4":"format-standard","5":"has-post-thumbnail","7":"category-underhallning","8":"tag-entertainment","9":"tag-historia","10":"tag-mack","11":"tag-motor","12":"tag-se","13":"tag-svenska","14":"tag-sverige","15":"tag-sweden","16":"tag-swedish","17":"tag-tv-serier","18":"tag-underhallning"},"share_on_mastodon":{"url":"https:\/\/pubeurope.com\/@se\/115801770303437126","error":""},"_links":{"self":[{"href":"https:\/\/www.europesays.com\/se\/wp-json\/wp\/v2\/posts\/119311","targetHints":{"allow":["GET"]}}],"collection":[{"href":"https:\/\/www.europesays.com\/se\/wp-json\/wp\/v2\/posts"}],"about":[{"href":"https:\/\/www.europesays.com\/se\/wp-json\/wp\/v2\/types\/post"}],"author":[{"embeddable":true,"href":"https:\/\/www.europesays.com\/se\/wp-json\/wp\/v2\/users\/2"}],"replies":[{"embeddable":true,"href":"https:\/\/www.europesays.com\/se\/wp-json\/wp\/v2\/comments?post=119311"}],"version-history":[{"count":0,"href":"https:\/\/www.europesays.com\/se\/wp-json\/wp\/v2\/posts\/119311\/revisions"}],"wp:featuredmedia":[{"embeddable":true,"href":"https:\/\/www.europesays.com\/se\/wp-json\/wp\/v2\/media\/119312"}],"wp:attachment":[{"href":"https:\/\/www.europesays.com\/se\/wp-json\/wp\/v2\/media?parent=119311"}],"wp:term":[{"taxonomy":"category","embeddable":true,"href":"https:\/\/www.europesays.com\/se\/wp-json\/wp\/v2\/categories?post=119311"},{"taxonomy":"post_tag","embeddable":true,"href":"https:\/\/www.europesays.com\/se\/wp-json\/wp\/v2\/tags?post=119311"}],"curies":[{"name":"wp","href":"https:\/\/api.w.org\/{rel}","templated":true}]}}