{"id":119317,"date":"2025-12-29T07:54:07","date_gmt":"2025-12-29T07:54:07","guid":{"rendered":"https:\/\/www.europesays.com\/se\/119317\/"},"modified":"2025-12-29T07:54:07","modified_gmt":"2025-12-29T07:54:07","slug":"militaren-mot-vantad-seger-i-myanmars-val","status":"publish","type":"post","link":"https:\/\/www.europesays.com\/se\/119317\/","title":{"rendered":"Milit\u00e4ren mot v\u00e4ntad seger i Myanmars \u201dval\u201d"},"content":{"rendered":"<p>Det milit\u00e4rst\u00f6dda partiet USDP g\u00e5r mot en v\u00e4ntad seger i den f\u00f6rsta fasen av det h\u00e5rt kritiserade valet i Myanmar, rapporterar AFP. Enligt en k\u00e4lla i partiet f\u00e5r USDP egen majoritet. <\/p>\n<p>Milit\u00e4ren tog makten genom en kupp 2021 och arrangerar nu ett m\u00e5nadsl\u00e5ngt val som man h\u00e4vdar ska \u201dge tillbaka makten till folket\u201d. <\/p>\n<p>Bland annat FN har d\u00f6mt ut valet som en bluff f\u00f6r att bef\u00e4sta milit\u00e4rens makt. <\/p>\n<p>Omni \u00e4r politiskt obundna och oberoende. Vi str\u00e4var efter att ge fler perspektiv p\u00e5 nyheterna. Har du fr\u00e5gor eller synpunkter kring v\u00e5r rapportering? <a href=\"https:\/\/omni.se\/militaren-mot-vantad-seger-i-myanmars-val\/a\/mailto:redaktion@omni.se\" class=\"ArticleActions_contactLink__W2F1M\" rel=\"nofollow noopener\" target=\"_blank\">Kontakta redaktionen<\/a><\/p>\n","protected":false},"excerpt":{"rendered":"Det milit\u00e4rst\u00f6dda partiet USDP g\u00e5r mot en v\u00e4ntad seger i den f\u00f6rsta fasen av det h\u00e5rt kritiserade valet&hellip;\n","protected":false},"author":2,"featured_media":119318,"comment_status":"","ping_status":"","sticky":false,"template":"","format":"standard","meta":{"footnotes":""},"categories":[14],"tags":[420,22,23,26,27,17,21,24,25,28,29,9698,15,16,18,34,31,33,32,30,19,20,51,52,53,54],"class_list":{"0":"post-119317","1":"post","2":"type-post","3":"status-publish","4":"format-standard","5":"has-post-thumbnail","7":"category-varlden","8":"tag-asien","9":"tag-breaking-news","10":"tag-breakingnews","11":"tag-featured-news","12":"tag-featurednews","13":"tag-headlines","14":"tag-huvudnyheter","15":"tag-latest-news","16":"tag-latestnews","17":"tag-main-news","18":"tag-mainnews","19":"tag-myanmar","20":"tag-news","21":"tag-nyheter","22":"tag-rubriker","23":"tag-se","24":"tag-svenska","25":"tag-sverige","26":"tag-sweden","27":"tag-swedish","28":"tag-top-stories","29":"tag-topstories","30":"tag-varlden","31":"tag-world","32":"tag-world-news","33":"tag-worldnews"},"share_on_mastodon":{"url":"https:\/\/pubeurope.com\/@se\/115801782009128762","error":""},"_links":{"self":[{"href":"https:\/\/www.europesays.com\/se\/wp-json\/wp\/v2\/posts\/119317","targetHints":{"allow":["GET"]}}],"collection":[{"href":"https:\/\/www.europesays.com\/se\/wp-json\/wp\/v2\/posts"}],"about":[{"href":"https:\/\/www.europesays.com\/se\/wp-json\/wp\/v2\/types\/post"}],"author":[{"embeddable":true,"href":"https:\/\/www.europesays.com\/se\/wp-json\/wp\/v2\/users\/2"}],"replies":[{"embeddable":true,"href":"https:\/\/www.europesays.com\/se\/wp-json\/wp\/v2\/comments?post=119317"}],"version-history":[{"count":0,"href":"https:\/\/www.europesays.com\/se\/wp-json\/wp\/v2\/posts\/119317\/revisions"}],"wp:featuredmedia":[{"embeddable":true,"href":"https:\/\/www.europesays.com\/se\/wp-json\/wp\/v2\/media\/119318"}],"wp:attachment":[{"href":"https:\/\/www.europesays.com\/se\/wp-json\/wp\/v2\/media?parent=119317"}],"wp:term":[{"taxonomy":"category","embeddable":true,"href":"https:\/\/www.europesays.com\/se\/wp-json\/wp\/v2\/categories?post=119317"},{"taxonomy":"post_tag","embeddable":true,"href":"https:\/\/www.europesays.com\/se\/wp-json\/wp\/v2\/tags?post=119317"}],"curies":[{"name":"wp","href":"https:\/\/api.w.org\/{rel}","templated":true}]}}