{"id":119325,"date":"2025-12-29T07:58:10","date_gmt":"2025-12-29T07:58:10","guid":{"rendered":"https:\/\/www.europesays.com\/se\/119325\/"},"modified":"2025-12-29T07:58:10","modified_gmt":"2025-12-29T07:58:10","slug":"ryske-tranaren-pa-plats-pa-tour-de-ski-saknar-neutral-status","status":"publish","type":"post","link":"https:\/\/www.europesays.com\/se\/119325\/","title":{"rendered":"Ryske tr\u00e4naren p\u00e5 plats p\u00e5 Tour de Ski \u2013 saknar neutral status"},"content":{"rendered":"<p>I sp\u00e5ren dundrar stj\u00e4rnor som Johannes H\u00f6sflot Kl\u00e4bo och Edvin Anger fram.\u00a0<\/p>\n<p>Ett stenkast d\u00e4rifr\u00e5n, i en liten restaurang med utsikt \u00f6ver t\u00e4vlingsbanan, h\u00e4mtar en man en bricka full med kaffe till sitt s\u00e4llskap.\u00a0<\/p>\n<p>Det \u00e4r Egor Sorin.\u00a0<\/p>\n<p>Den ryske landslagstr\u00e4naren som inte f\u00e5r vara h\u00e4r.\u00a0<\/p>\n<p>Se senaste avsnittet av Skidsnack.<img loading=\"lazy\"   alt=\"\"\/><\/p>\n<p>Den ryske landslagstr\u00e4naren Egor Sorin p\u00e5 plats under Tour de ski.<\/p>\n<p>Foto: Expressen<\/p>\n<p>\u00d6ppna bild i helsk\u00e4rm<img loading=\"lazy\"   alt=\"\"\/><\/p>\n<p>H\u00e4r intervjuas Sorin av Expressen.<\/p>\n<p>Foto: Expressen<\/p>\n<p>\u00d6ppna bild i helsk\u00e4rm<img loading=\"lazy\"   alt=\"\"\/><\/p>\n<p>Egor Sorin p\u00e5 VM 2021.<\/p>\n<p>Foto: Adam Ihse\/TT \/ TT NYHETSBYR\u00c5N<\/p>\n<p>\u00d6ppna bild i helsk\u00e4rmArtikeln i korthet<\/p>\n<p> Endast tv\u00e5 ryska \u00e5kare t\u00e4vlar som neutrala i Tour de ski.<\/p>\n<p> Tr\u00e4naren Egor Sorin h\u00e4vdar att han bara \u00e4r d\u00e4r som \u00e5sk\u00e5dare.<\/p>\n<p> Ukrainare protesterar mot rysk n\u00e4rvaro.<\/p>\n<p> Fis vill inte kommentera eventuellt regelbrott.<\/p>\n<p>Visa mer<\/p>\n<p>Savelij Korostelev str\u00e5lar.\u00a0<\/p>\n<p>Han har nyss blivit utslagen i sprintkvalet, men att bara f\u00e5 vara p\u00e5 plats p\u00e5 <a href=\"https:\/\/www.expressen.se\/tagg\/organization\/tour-de-ski\/\" class=\"\" rel=\"nofollow noopener\" target=\"_blank\">Tour de ski<\/a> \u00e4r stort f\u00f6r den 22-\u00e5rige ryssen. Tillsammans med Darija Neprajeva \u00e4r de tv\u00e5 de enda ryska \u00e5karna som f\u00e5tt neutral status.\u00a0<\/p>\n<p>\u2013 Jag \u00e4r lycklig \u00f6ver att f\u00e5 vara h\u00e4r. Det \u00e4r mitt f\u00f6rsta Tour de ski och det \u00e4r en kittlande upplevelse \u2013 speciellt inf\u00f6r OS, s\u00e4ger Korostelev.<\/p>\n<p><strong>Vad k\u00e4nner du runt att s\u00e5 m\u00e5nga ryssar inte f\u00e5r vara med?<\/strong><\/p>\n<p>\u2013 Jag hoppas att s\u00e5 m\u00e5nga som m\u00f6jligt kan f\u00e5 neutral status som jag. Kanske redan efter Tour de ski.<\/p>\n<p>Korostelev och Neprajeva \u00e4r dock inte de enda ryssarna p\u00e5 plats p\u00e5 arenan i Toblach denna dag.\u00a0<\/p>\n<p>Precis j\u00e4mte arenan ligger en liten italiensk restaurang med utsikt \u00f6ver sp\u00e5ren. Vid ett h\u00f6rnbord sitter Egor Sorin, m\u00e5ng\u00e5rig rysk landslagstr\u00e4nare till bland andra Alexander Bolsjunov och just Korostelev.\u00a0<\/p>\n<p>N\u00e4r Expressen fr\u00e5gar vad han g\u00f6r h\u00e4r ler han snett.\u00a0<\/p>\n<p>\u2013 Jag? Jag \u00e4r bara \u00e5sk\u00e5dare.\u00a0<\/p>\n<p><strong>Men du \u00e4r Korostelevs tr\u00e4nare?<\/strong><\/p>\n<p>\u2013 Det \u00e4r jag, men bara utanf\u00f6r t\u00e4vlingsomr\u00e5det. H\u00e4r \u00e4r jag bara en \u00e5sk\u00e5dare, eftersom jag inte har n\u00e5gon neutral status f\u00e5r jag inte n\u00e5gon ackreditering. S\u00e5 jag f\u00e5r inte vara utmed banan eller s\u00e5.\u00a0<\/p>\n<p>Avst\u00e4ngde ryssen dyker upp p\u00e5 Tour de ski<\/p>\n<p>Vi f\u00e5r ta det fr\u00e5n b\u00f6rjan.\u00a0<\/p>\n<p>Efter att ha blivit utest\u00e4ngda fr\u00e5n allt t\u00e4vlande av det internationella skidf\u00f6rbundet (Fis) p\u00e5 v\u00e5ren 2022 s\u00e5 v\u00e4lkomnades de \u2013 efter ett beslut av idrottens skiljen\u00e4mnd Cas \u2013 tillbaka som neutrala ut\u00f6vare till s\u00e5v\u00e4l OS som v\u00e4rldscupen tidigare i h\u00f6stas.\u00a0<\/p>\n<p>F\u00f6r att klassas som neutral beh\u00f6ver man uppfylla vissa kriterier. Korostelev och Neprajeva g\u00f6r det. Sorin g\u00f6r det inte. Inte \u00e4n i alla fall.\u00a0<\/p>\n<p>IOK:s krav p\u00e5 neutrala atleter<\/p>\n<p>\u00a0 Idrottare som aktivt st\u00f6der kriget f\u00e5r inte anm\u00e4las eller delta i t\u00e4vlingar.<\/p>\n<p>\u00a0 Idrottare som har kontrakt med den ryska eller belarusiska milit\u00e4ren eller med nationella s\u00e4kerhetsmyndigheter f\u00e5r inte anm\u00e4las eller delta i t\u00e4vlingar.<\/p>\n<p> Alla neutrala idrottare, liksom alla andra deltagare, m\u00e5ste uppfylla samtliga antidopingkrav som g\u00e4ller inf\u00f6r och under de olympiska vinterspelen i Milano-Cortina 2026, s\u00e4rskilt de som fastst\u00e4lls i de internationella f\u00f6rbundens antidopingregler.<\/p>\n<p>Visa mer<\/p>\n<p>Han ber\u00e4ttar att han ans\u00f6kt om neutral status och fortfarande v\u00e4ntar p\u00e5 svar fr\u00e5n Fis. Han vill inte svara p\u00e5 politiska fr\u00e5gor, men svarar p\u00e5 fr\u00e5gan hur han ser p\u00e5 reglerna som stoppar honom fr\u00e5n att coacha som alla andra tr\u00e4nare.\u00a0<\/p>\n<p>\u2013 Jag har inget annat val \u00e4n att acceptera reglerna. S\u00e5 under v\u00e4rldscupen kan jag bara vara \u00e5sk\u00e5dare och st\u00e5 med publiken. Det \u00e4r d\u00e5ligt f\u00f6r mig, ja, men utanf\u00f6r arenan kan jag vara en vanlig tr\u00e4nare.\u00a0<\/p>\n<p><strong>Hur har resten av l\u00e4ngd\u00e5kningsv\u00e4rlden reagerat p\u00e5 att du \u00e4r h\u00e4r?\u00a0<\/strong><\/p>\n<p>Annons<\/p>\n<p>\u2013 Det har varit bra. Inga problem alls. Alla s\u00e4ger hej.\u00a0<\/p>\n<p>Det \u00e4r dock inte hela sanningen. Bara n\u00e5gon timme innan Expressen tr\u00e4ffar Sorin har den ukrainska \u00e5karen Andrej Dotsenko kallat Ryssland f\u00f6r \u201dterrorister\u201d och uttryckt sin ilska mot att tv\u00e5 av landets \u00e5kare till\u00e5ts t\u00e4vla p\u00e5 Tour de ski.\u00a0<\/p>\n<p>N\u00e4r Sorin f\u00e5r h\u00f6ra vad Dotsenko sagt f\u00f6r\u00e4ndras hans historia.\u00a0<\/p>\n<p>\u2013 I g\u00e5r fr\u00e5gade en ukrainsk tr\u00e4nare mig vad jag gjorde h\u00e4r. Jag ber\u00e4ttade att jag bara k\u00f6r ut\u00f6varna till arenan och han b\u00f6rjade filma mig. Det var inga problem f\u00f6r mig, f\u00f6r det var bara p\u00e5 parkeringen utanf\u00f6r alla vallatrailers, s\u00e5 jag fick vara d\u00e4r.\u00a0<\/p>\n<p>Sorin rycker p\u00e5 axlarna.\u00a0<\/p>\n<p>\u2013 Du f\u00e5r fr\u00e5ga Ukraina om varf\u00f6r de vill spela in videor av mig och st\u00e4lla provocerande fr\u00e5gor. Jag svarade inte dem.\u00a0<\/p>\n<p>Fis svar \u2013 n\u00e4r ryske tr\u00e4naren dyker upp: \u201dInga kommentarer\u201d<\/p>\n<p><strong>Vet Fis om att du \u00e4r h\u00e4r?\u00a0<\/strong><\/p>\n<p>\u2013 Ja. Jag h\u00f6rde av mig till t\u00e4vlingschefen Michael Lamplot att jag skulle vara p\u00e5 plats b\u00e5de i Davos och h\u00e4r. Jag k\u00e4nner till mina r\u00e4ttigheter, var jag f\u00e5r vara och inte vara. Jag sa till dem att jag inte skulle g\u00e5 innanf\u00f6r ackrediterat omr\u00e5de.\u00a0<\/p>\n<p>Expressen tog kontakt med Doris Kallen, v\u00e4rldscupskoordinator p\u00e5 Fis, som inte kunde svara p\u00e5 om Sorins n\u00e4rvaro kan vara ett regelbrott.\u00a0<\/p>\n<p>\u2013 Enbart ryska \u00e5kare och ledare som \u00e4r godk\u00e4nda som neutrala f\u00e5r finnas inom ackrediterat omr\u00e5de.<\/p>\n<p><strong>Men det \u00e4r okej att vara \u00e5sk\u00e5dare?<\/strong><\/p>\n<p>\u2013 Vi kan inte kontrollera vilka som \u00e4r i publiken.<\/p>\n<p><strong>Att han \u00e4nd\u00e5 kan coacha \u00e5kare f\u00f6re och efter t\u00e4vlingen \u00e4r okej?<\/strong><\/p>\n<p>\u2013 Jag kan inte kommentera det.<\/p>\n<p><strong>Men bryter det mot n\u00e5gon regel?<\/strong><\/p>\n<p>\u2013 Jag kan inte kommentera det.<\/p>\n<p><strong>L\u00c4S MER: <\/strong><a href=\"https:\/\/www.expressen.se\/sport\/langdskidor\/stavas-skistad-fick-tillsagelse-dolde-sponsorn\/\" class=\"\" rel=\"nofollow noopener\" target=\"_blank\">Stav\u00e5s Skistad fick tills\u00e4gelse \u2013 dolde sponsorn<\/a><strong>L\u00c4S MER: <\/strong><a href=\"https:\/\/www.expressen.se\/sport\/langdskidor\/frida-karlsson-ger-upp-segerchansen-i-tour-de-ski\/\" class=\"\" rel=\"nofollow noopener\" target=\"_blank\">Frida Karlsson ger upp segerchansen i Tour de ski<\/a><\/p>\n","protected":false},"excerpt":{"rendered":"I sp\u00e5ren dundrar stj\u00e4rnor som Johannes H\u00f6sflot Kl\u00e4bo och Edvin Anger fram.\u00a0 Ett stenkast d\u00e4rifr\u00e5n, i en liten&hellip;\n","protected":false},"author":2,"featured_media":119326,"comment_status":"","ping_status":"","sticky":false,"template":"","format":"standard","meta":{"footnotes":""},"categories":[68],"tags":[12726,12204,34,857,111,110,31,33,32,30],"class_list":{"0":"post-119325","1":"post","2":"type-post","3":"status-publish","4":"format-standard","5":"has-post-thumbnail","7":"category-sport","8":"tag-newsstory-tour-de-ski-2025-2026","9":"tag-organization-tour-de-ski","10":"tag-se","11":"tag-sections-langdskidor","12":"tag-sport","13":"tag-sports","14":"tag-svenska","15":"tag-sverige","16":"tag-sweden","17":"tag-swedish"},"share_on_mastodon":{"url":"https:\/\/pubeurope.com\/@se\/115801797708874475","error":""},"_links":{"self":[{"href":"https:\/\/www.europesays.com\/se\/wp-json\/wp\/v2\/posts\/119325","targetHints":{"allow":["GET"]}}],"collection":[{"href":"https:\/\/www.europesays.com\/se\/wp-json\/wp\/v2\/posts"}],"about":[{"href":"https:\/\/www.europesays.com\/se\/wp-json\/wp\/v2\/types\/post"}],"author":[{"embeddable":true,"href":"https:\/\/www.europesays.com\/se\/wp-json\/wp\/v2\/users\/2"}],"replies":[{"embeddable":true,"href":"https:\/\/www.europesays.com\/se\/wp-json\/wp\/v2\/comments?post=119325"}],"version-history":[{"count":0,"href":"https:\/\/www.europesays.com\/se\/wp-json\/wp\/v2\/posts\/119325\/revisions"}],"wp:featuredmedia":[{"embeddable":true,"href":"https:\/\/www.europesays.com\/se\/wp-json\/wp\/v2\/media\/119326"}],"wp:attachment":[{"href":"https:\/\/www.europesays.com\/se\/wp-json\/wp\/v2\/media?parent=119325"}],"wp:term":[{"taxonomy":"category","embeddable":true,"href":"https:\/\/www.europesays.com\/se\/wp-json\/wp\/v2\/categories?post=119325"},{"taxonomy":"post_tag","embeddable":true,"href":"https:\/\/www.europesays.com\/se\/wp-json\/wp\/v2\/tags?post=119325"}],"curies":[{"name":"wp","href":"https:\/\/api.w.org\/{rel}","templated":true}]}}