{"id":119327,"date":"2025-12-29T07:59:06","date_gmt":"2025-12-29T07:59:06","guid":{"rendered":"https:\/\/www.europesays.com\/se\/119327\/"},"modified":"2025-12-29T07:59:06","modified_gmt":"2025-12-29T07:59:06","slug":"arets-mest-lasta-ledare-topp-5-sundsvalls-tidning","status":"publish","type":"post","link":"https:\/\/www.europesays.com\/se\/119327\/","title":{"rendered":"\u00c5rets mest l\u00e4sta ledare \u2013 topp 5 \u2013 Sundsvalls Tidning"},"content":{"rendered":"<p>Det blir m\u00e5nga fr\u00e5gor som hinner avhandlas p\u00e5 ledarsidan under ett \u00e5r. Ofta \u00e4r det debatter som \u00e4r aktuella just d\u00e4r och d\u00e5 men som sedan snabbt gl\u00f6ms bort. N\u00e4r jag tittar tillbaka p\u00e5 de ledare som flest l\u00e4sare tagit del av under \u00e5ret s\u00e5 tycker jag att de flesta h\u00e5ller ocks\u00e5 vid en oml\u00e4sning. De \u00e4r fortfarande aktuella och s\u00e4ger n\u00e5got viktigt om samtiden i Sundsvall och Medelpad.\u00a0Kanske har du missat n\u00e5gon av dem? <\/p>\n","protected":false},"excerpt":{"rendered":"Det blir m\u00e5nga fr\u00e5gor som hinner avhandlas p\u00e5 ledarsidan under ett \u00e5r. Ofta \u00e4r det debatter som \u00e4r&hellip;\n","protected":false},"author":2,"featured_media":119328,"comment_status":"","ping_status":"","sticky":false,"template":"","format":"standard","meta":{"footnotes":""},"categories":[67],"tags":[104,34,31,33,32,30,105],"class_list":{"0":"post-119327","1":"post","2":"type-post","3":"status-publish","4":"format-standard","5":"has-post-thumbnail","7":"category-underhallning","8":"tag-entertainment","9":"tag-se","10":"tag-svenska","11":"tag-sverige","12":"tag-sweden","13":"tag-swedish","14":"tag-underhallning"},"share_on_mastodon":{"url":"https:\/\/pubeurope.com\/@se\/115801801645082287","error":""},"_links":{"self":[{"href":"https:\/\/www.europesays.com\/se\/wp-json\/wp\/v2\/posts\/119327","targetHints":{"allow":["GET"]}}],"collection":[{"href":"https:\/\/www.europesays.com\/se\/wp-json\/wp\/v2\/posts"}],"about":[{"href":"https:\/\/www.europesays.com\/se\/wp-json\/wp\/v2\/types\/post"}],"author":[{"embeddable":true,"href":"https:\/\/www.europesays.com\/se\/wp-json\/wp\/v2\/users\/2"}],"replies":[{"embeddable":true,"href":"https:\/\/www.europesays.com\/se\/wp-json\/wp\/v2\/comments?post=119327"}],"version-history":[{"count":0,"href":"https:\/\/www.europesays.com\/se\/wp-json\/wp\/v2\/posts\/119327\/revisions"}],"wp:featuredmedia":[{"embeddable":true,"href":"https:\/\/www.europesays.com\/se\/wp-json\/wp\/v2\/media\/119328"}],"wp:attachment":[{"href":"https:\/\/www.europesays.com\/se\/wp-json\/wp\/v2\/media?parent=119327"}],"wp:term":[{"taxonomy":"category","embeddable":true,"href":"https:\/\/www.europesays.com\/se\/wp-json\/wp\/v2\/categories?post=119327"},{"taxonomy":"post_tag","embeddable":true,"href":"https:\/\/www.europesays.com\/se\/wp-json\/wp\/v2\/tags?post=119327"}],"curies":[{"name":"wp","href":"https:\/\/api.w.org\/{rel}","templated":true}]}}