{"id":119329,"date":"2025-12-29T08:00:10","date_gmt":"2025-12-29T08:00:10","guid":{"rendered":"https:\/\/www.europesays.com\/se\/119329\/"},"modified":"2025-12-29T08:00:10","modified_gmt":"2025-12-29T08:00:10","slug":"xiaomi-lanserar-mobil-med-fysisk-zoomring","status":"publish","type":"post","link":"https:\/\/www.europesays.com\/se\/119329\/","title":{"rendered":"Xiaomi lanserar mobil med fysisk zoomring"},"content":{"rendered":"<p class=\"kicker t20 font-Raleway\" style=\"\">Med fokus p\u00e5 fotografering<\/p>\n<p>    Xiaomi presenterar 17 Ultra, en ny flaggskeppsmobil utvecklad tillsammans med Leica med ett fysiskt reglage runt kameran som ger manuell kontroll \u00f6ver zoom.<\/p>\n<p>Xiaomi\u00a0har presenterat sin nya flaggskeppsmobil <a href=\"https:\/\/www.mi.com\/prod\/xiaomi-17-ultra-byleica \" target=\"_blank\" rel=\"nofollow noopener\">Xiaomi 17 Ultra<\/a>, som har tagits fram i samarbete med Leica och har ett tydligt fokus p\u00e5 fotografering. Den mest uppm\u00e4rksammade nyheten \u00e4r ett fysiskt reglage runt kameramodulen som g\u00f6r det m\u00f6jligt att zooma genom att vrida p\u00e5 en ring i st\u00e4llet f\u00f6r att anv\u00e4nda peksk\u00e4rmen. N\u00e4r ringen vrids startar kameran automatiskt, och enligt\u00a0Xiaomi\u00a0kan den registrera mycket sm\u00e5 r\u00f6relser f\u00f6r mer exakt kontroll. Reglaget kan \u00e4ven st\u00e4llas in f\u00f6r andra funktioner, som manuell fokus eller exponering. <\/p>\n<p>Mobilen \u00e4r utrustad med ett avancerat kamerasystem som best\u00e5r av en prim\u00e4r kamera p\u00e5 50 megapixel med en stor 1-tums sensor, en\u00a0periskoptelekamera\u00a0p\u00e5 200 megapixel f\u00f6r kraftig zoom, samt en ultravidvinkelkamera p\u00e5 50 megapixel. P\u00e5 framsidan finns en\u00a0frontkamera\u00a0p\u00e5 50 megapixel. Kamerorna har utvecklats i samarbete med Leica och erbjuder bland annat s\u00e4rskilda f\u00e4rg- och filmsimuleringar. <\/p>\n<p>Xiaomi\u00a017 Ultra har en 6,9 tum stor AMOLED-sk\u00e4rm med 120 hertz uppdateringsfrekvens och en maximal ljusstyrka p\u00e5 upp till 3500 nits. Inuti sitter\u00a0Snapdragon\u00a08\u00a0Elite\u00a0Gen 5, tillsammans med upp till 16 gigabyte arbetsminne och upp till 1 terabyte lagring. Batteriet \u00e4r p\u00e5 6800\u00a0mAh\u00a0och st\u00f6djer b\u00e5de snabb tr\u00e5dbunden laddning p\u00e5 90 watt och tr\u00e5dl\u00f6s laddning p\u00e5 50 watt. <\/p>\n<p>Leica Edition-versionen skiljer sig \u00e4ven genom en s\u00e4rskild tv\u00e5tonad design och extra tillbeh\u00f6r i f\u00f6rpackningen. <\/p>\n<p>Priset\u00a0f\u00f6rv\u00e4ntas hamna p\u00e5 n\u00e5gonstans runt\u00a013000\u00a0kronor, och lite mer f\u00f6r\u00a0Leica Edition. <\/p>\n","protected":false},"excerpt":{"rendered":"Med fokus p\u00e5 fotografering Xiaomi presenterar 17 Ultra, en ny flaggskeppsmobil utvecklad tillsammans med Leica med ett fysiskt&hellip;\n","protected":false},"author":2,"featured_media":119330,"comment_status":"","ping_status":"","sticky":false,"template":"","format":"standard","meta":{"footnotes":""},"categories":[66],"tags":[80,78,79,34,31,33,32,30,81,84,83,82],"class_list":{"0":"post-119329","1":"post","2":"type-post","3":"status-publish","4":"format-standard","5":"has-post-thumbnail","7":"category-vetenskap-och-teknik","8":"tag-science","9":"tag-science-and-technology","10":"tag-scienceandtechnology","11":"tag-se","12":"tag-svenska","13":"tag-sverige","14":"tag-sweden","15":"tag-swedish","16":"tag-technology","17":"tag-teknik","18":"tag-vetenskap","19":"tag-vetenskapteknik"},"share_on_mastodon":{"url":"https:\/\/pubeurope.com\/@se\/115801805513962751","error":""},"_links":{"self":[{"href":"https:\/\/www.europesays.com\/se\/wp-json\/wp\/v2\/posts\/119329","targetHints":{"allow":["GET"]}}],"collection":[{"href":"https:\/\/www.europesays.com\/se\/wp-json\/wp\/v2\/posts"}],"about":[{"href":"https:\/\/www.europesays.com\/se\/wp-json\/wp\/v2\/types\/post"}],"author":[{"embeddable":true,"href":"https:\/\/www.europesays.com\/se\/wp-json\/wp\/v2\/users\/2"}],"replies":[{"embeddable":true,"href":"https:\/\/www.europesays.com\/se\/wp-json\/wp\/v2\/comments?post=119329"}],"version-history":[{"count":0,"href":"https:\/\/www.europesays.com\/se\/wp-json\/wp\/v2\/posts\/119329\/revisions"}],"wp:featuredmedia":[{"embeddable":true,"href":"https:\/\/www.europesays.com\/se\/wp-json\/wp\/v2\/media\/119330"}],"wp:attachment":[{"href":"https:\/\/www.europesays.com\/se\/wp-json\/wp\/v2\/media?parent=119329"}],"wp:term":[{"taxonomy":"category","embeddable":true,"href":"https:\/\/www.europesays.com\/se\/wp-json\/wp\/v2\/categories?post=119329"},{"taxonomy":"post_tag","embeddable":true,"href":"https:\/\/www.europesays.com\/se\/wp-json\/wp\/v2\/tags?post=119329"}],"curies":[{"name":"wp","href":"https:\/\/api.w.org\/{rel}","templated":true}]}}