{"id":119343,"date":"2025-12-29T08:07:09","date_gmt":"2025-12-29T08:07:09","guid":{"rendered":"https:\/\/www.europesays.com\/se\/119343\/"},"modified":"2025-12-29T08:07:09","modified_gmt":"2025-12-29T08:07:09","slug":"polisserie-moter-slaktkronika-i-synden","status":"publish","type":"post","link":"https:\/\/www.europesays.com\/se\/119343\/","title":{"rendered":"Polisserie m\u00f6ter sl\u00e4ktkr\u00f6nika i \u201dSynden\u201d"},"content":{"rendered":"<p class=\"boxtextgrotesk-root_baa6 hyperion-css-7pajle\">Uppdaterad 08.37 | Publicerad 08.00<\/p>\n<p>share-arrowDela<\/p>\n<p>unsaveSpara<\/p>\n<p>chevron-leftf\u00f6reg\u00e5endechevron-rightn\u00e4staPoliserna Malik (Mohammed Nour Oklah) och Dani (Krista Kosonen) utreder fallet i &#8221;Synden&#8221;.<\/p>\n<p>1 \/ 3Foto: Carolina Romare\/Netflix<\/p>\n<p class=\"hyperion-css-1shl3oz\" data-test-tag=\"lead-text\">\u201dSynden\u201d blir det nya \u00e5rets f\u00f6rsta svenska dramaserie p\u00e5 Netflix.<\/p>\n<p class=\"hyperion-css-1shl3oz\" data-test-tag=\"lead-text\">\u2013 Den \u00e4r som ett gifterm\u00e5l mellan en polisserie och en sl\u00e4ktkr\u00f6nika, s\u00e4ger regiss\u00f6ren Peter Gr\u00f6nlund.<\/p>\n<p class=\"hyperion-css-1v9qo5x\">Filmaren Peter Gr\u00f6nlund har tidigare i filmer som \u201dTjuvheder\u201d och i tv-serien \u201dBj\u00f6rnstad\u201d skildrat historier om utanf\u00f6rskap, klass och sociala sp\u00e4nningar p\u00e5 en bruksort \u2013 med sin egen moral.<\/p>\n<p class=\"hyperion-css-1v9qo5x\">I \u201dSynden\u201d \u00e5terv\u00e4nder han till ett liknande tema.<\/p>\n<p class=\"hyperion-css-1v9qo5x\">\u2013 Jag \u00e4r fascinerad av teman som utanf\u00f6rskap och alienering. D\u00e4r det finns patriarkala strukturer och en f\u00f6rsvagad stat d\u00e4r egna regler och normer uppst\u00e5r och f\u00f6rskjuter ett helt samh\u00e4lle. Det \u00e4r jag j\u00e4vligt intresserad av.<\/p>\n<p>Sl\u00e4ktkonflikter i Sk\u00e5ne<\/p>\n<p class=\"hyperion-css-1v9qo5x\">I \u201dSynden\u201d utreder polisen Dani (Krista Kosonen) en 16-\u00e5rig fosterhemsplacerad pojkes d\u00f6d och fram tr\u00e4der en v\u00e4rld med starka konflikter tillbaka genom generationerna i en sl\u00e4kt ute p\u00e5 landsbygden i Sk\u00e5ne.<\/p>\n<p class=\"hyperion-css-1v9qo5x\">\u2013 Det handlar om f\u00f6r\u00e4ldraskap, vad vi \u00e4r beredda att g\u00f6ra f\u00f6r v\u00e5ra barn, f\u00f6rklarar Peter Gr\u00f6nlund.<\/p>\n<p class=\"hyperion-css-1v9qo5x\">Titeln \u201dSynden\u201d syftar \u2013 bland annat \u2013 p\u00e5 arvsynden. Tror du p\u00e5 arvsynd?<\/p>\n<p class=\"hyperion-css-1v9qo5x\">\u2013 Jag tror att man beh\u00f6ver ta st\u00e4llning till den. Och g\u00f6ra ett val. Ska man bryta sig loss fr\u00e5n de h\u00e4r bojorna eller g\u00e5 vidare. Och det \u00e4r det serien sysslar v\u00e4ldigt mycket med.<\/p>\n<p class=\"hyperion-css-1v9qo5x\">Peter Gr\u00f6nlund \u00e4r ocks\u00e5 k\u00e4nd f\u00f6r att arbeta mycket med amat\u00f6rer och ok\u00e4nda sk\u00e5despelare. Till huvudrollen som patriarken i sl\u00e4kten hittade Gr\u00f6nlund och hans rollbes\u00e4ttare den helt ok\u00e4nde Peter Gantman, till vardags lastbilschauff\u00f6r i Karlshamn.<\/p>\n<p class=\"hyperion-css-1v9qo5x\">\u2013 Via kontakter n\u00e5r man fram till diverse m\u00e4nniskor och n\u00e5gonstans l\u00e4ngs den v\u00e4gen fanns han. Vi jobbade j\u00e4ttemycket med att han skulle trivas framf\u00f6r kameran och v\u00e4xa fram som sk\u00e5despelare. Och han var helt enorm. Otrolig, s\u00e4ger Peter Gr\u00f6nlund.<\/p>\n<p class=\"hyperion-css-1v9qo5x\">Och han har ingen bakgrund som sk\u00e5despelare?<\/p>\n<p class=\"hyperion-css-1v9qo5x\">\u2013 Nej, ingen alls.<\/p>\n<p>Hundbiten<\/p>\n<p class=\"hyperion-css-1v9qo5x\">Gr\u00f6nlund tycker att det kan blir mer dynamiskt n\u00e4r sk\u00e5despelare och amat\u00f6rer blandas.<\/p>\n<p class=\"hyperion-css-1v9qo5x\">\u2013 N\u00e4r amat\u00f6rerna kommer med sin livserfarenhet och m\u00f6ter sk\u00e5despelare som kanske erbjuder dem en trygghet framf\u00f6r kameran s\u00e5 blir det ett v\u00e4ldigt bra gifterm\u00e5l och en formel d\u00e4r de n\u00e4r av varandra.<\/p>\n<p class=\"hyperion-css-1v9qo5x\">Men Peter Gantman r\u00e5kade ut f\u00f6r en ot\u00e4ck h\u00e4ndelse som f\u00f6rsenade inspelningen.<\/p>\n<p class=\"hyperion-css-1v9qo5x\">\u2013 Han blev attackerad av en kamphund hemma d\u00e4r han bor och h\u00f6ll p\u00e5 att f\u00f6rlora armen. D\u00e5 hade han tio inspelningsdagar kvar. S\u00e5 vi fick st\u00e4nga ner.<\/p>\n<p class=\"hyperion-css-1v9qo5x\">Resten av Peter Gantmans inspelningsdagar fick skjutas upp i fyra m\u00e5nader.<\/p>\n<p class=\"hyperion-css-1v9qo5x\">\u2013 F\u00f6r det f\u00f6rsta var jag enormt orolig f\u00f6r honom, att det var en s\u00e5 pass allvarlig skada. Det var det viktigaste. Men sedan var det bara att acceptera. Det var v\u00e4ldigt sk\u00f6nt att se att han klarade sig s\u00e5 bra ur det.<\/p>\n<p class=\"hyperion-css-1v9qo5x\">Miniserien \u201dSynden\u201d i fem delar sl\u00e4pps p\u00e5 Netflix den 2 januari.<\/p>\n","protected":false},"excerpt":{"rendered":"Uppdaterad 08.37 | Publicerad 08.00 share-arrowDela unsaveSpara chevron-leftf\u00f6reg\u00e5endechevron-rightn\u00e4staPoliserna Malik (Mohammed Nour Oklah) och Dani (Krista Kosonen) utreder fallet&hellip;\n","protected":false},"author":2,"featured_media":119344,"comment_status":"","ping_status":"","sticky":false,"template":"","format":"standard","meta":{"footnotes":""},"categories":[67],"tags":[104,34,31,33,32,30,105],"class_list":{"0":"post-119343","1":"post","2":"type-post","3":"status-publish","4":"format-standard","5":"has-post-thumbnail","7":"category-underhallning","8":"tag-entertainment","9":"tag-se","10":"tag-svenska","11":"tag-sverige","12":"tag-sweden","13":"tag-swedish","14":"tag-underhallning"},"share_on_mastodon":{"url":"https:\/\/pubeurope.com\/@se\/115801833155509129","error":""},"_links":{"self":[{"href":"https:\/\/www.europesays.com\/se\/wp-json\/wp\/v2\/posts\/119343","targetHints":{"allow":["GET"]}}],"collection":[{"href":"https:\/\/www.europesays.com\/se\/wp-json\/wp\/v2\/posts"}],"about":[{"href":"https:\/\/www.europesays.com\/se\/wp-json\/wp\/v2\/types\/post"}],"author":[{"embeddable":true,"href":"https:\/\/www.europesays.com\/se\/wp-json\/wp\/v2\/users\/2"}],"replies":[{"embeddable":true,"href":"https:\/\/www.europesays.com\/se\/wp-json\/wp\/v2\/comments?post=119343"}],"version-history":[{"count":0,"href":"https:\/\/www.europesays.com\/se\/wp-json\/wp\/v2\/posts\/119343\/revisions"}],"wp:featuredmedia":[{"embeddable":true,"href":"https:\/\/www.europesays.com\/se\/wp-json\/wp\/v2\/media\/119344"}],"wp:attachment":[{"href":"https:\/\/www.europesays.com\/se\/wp-json\/wp\/v2\/media?parent=119343"}],"wp:term":[{"taxonomy":"category","embeddable":true,"href":"https:\/\/www.europesays.com\/se\/wp-json\/wp\/v2\/categories?post=119343"},{"taxonomy":"post_tag","embeddable":true,"href":"https:\/\/www.europesays.com\/se\/wp-json\/wp\/v2\/tags?post=119343"}],"curies":[{"name":"wp","href":"https:\/\/api.w.org\/{rel}","templated":true}]}}