{"id":119363,"date":"2025-12-29T08:17:10","date_gmt":"2025-12-29T08:17:10","guid":{"rendered":"https:\/\/www.europesays.com\/se\/119363\/"},"modified":"2025-12-29T08:17:10","modified_gmt":"2025-12-29T08:17:10","slug":"topp-10-det-har-ville-ni-lasa-om-2025","status":"publish","type":"post","link":"https:\/\/www.europesays.com\/se\/119363\/","title":{"rendered":"Topp 10 \u2013 det h\u00e4r ville ni l\u00e4sa om 2025"},"content":{"rendered":"<p>\u00c5ret lider mot sitt slut och RT-Forum har listat de mest l\u00e4sta artiklarna under 2025. Vars\u00e5goda!<\/p>\n<p>            den 29 december 2025 09:00<\/p>\n<p><b style=\"font-size: 20.28px; letter-spacing: 0.003em;\">1) Juni: Vilka bussbolag g\u00e5r b\u00e4st i Sverige?<\/b><\/p>\n<p>Strax \u00f6ver 2 300 fordon, 1 980 anst\u00e4llda och tre miljarder kronor i oms\u00e4ttning \u2013 s\u00e5 mycket st\u00e5r de topp 50 bussbolagen i Sverige f\u00f6r tillsammans.<\/p>\n<p><b>2) Mars: SL p\u00e5 vd-jakt<\/b><\/p>\n<p>I b\u00f6rjan av \u00e5ret inledde SL rekryteringen av en ny vd efter att David Lagneholm aviserat sin avg\u00e5ng. RT-Forum listade de hetaste kandidaterna. I juni stod det dock klart att\u00a0<a href=\"https:\/\/www.rt-forum.se\/article\/view\/1170417\/erik_norling_tar_over_som_vd_for_sl\" target=\"_blank\" rel=\"nofollow noopener\">Erik Norling<\/a> tog \u00f6ver som ny vd och\u00a0f\u00f6rvaltningschef.<\/p>\n<p>\n                        Prova p\u00e5-Prenumeration\n                    <\/p>\n<p>\n                    F\u00e5 tillg\u00e5ng till allt inneh\u00e5ll p\u00e5 RT-Forum\n                <\/p>\n<p>\n                    Ingen bindningstid eller kortinformation kr\u00e4vs\n                <\/p>\n<p>\n                        G\u00e4ller endast personlig prenumeration.\n                    <\/p>\n<p>                                            <a v-for=\"(project, index) in projects\" v-show=\"index &lt; max || showAll\" v-bind:href=\"'https:\/\/www.projektagenten.se\/project\/' + project.id\" target=\"_blank\" class=\"article-project\"><\/p>\n<p>                                                {{ project.name }}<br \/>\n                                                L\u00e4s om projektet<br \/>\n                                            <\/a><\/p>\n<p>                                                Alla relaterade projekt<\/p>\n","protected":false},"excerpt":{"rendered":"\u00c5ret lider mot sitt slut och RT-Forum har listat de mest l\u00e4sta artiklarna under 2025. Vars\u00e5goda! den 29&hellip;\n","protected":false},"author":2,"featured_media":119364,"comment_status":"","ping_status":"","sticky":false,"template":"","format":"standard","meta":{"footnotes":""},"categories":[65],"tags":[72,70,71,34,31,33,32,30],"class_list":{"0":"post-119363","1":"post","2":"type-post","3":"status-publish","4":"format-standard","5":"has-post-thumbnail","7":"category-ekonomi","8":"tag-business","9":"tag-economy","10":"tag-ekonomi","11":"tag-se","12":"tag-svenska","13":"tag-sverige","14":"tag-sweden","15":"tag-swedish"},"share_on_mastodon":{"url":"https:\/\/pubeurope.com\/@se\/115801872492415340","error":""},"_links":{"self":[{"href":"https:\/\/www.europesays.com\/se\/wp-json\/wp\/v2\/posts\/119363","targetHints":{"allow":["GET"]}}],"collection":[{"href":"https:\/\/www.europesays.com\/se\/wp-json\/wp\/v2\/posts"}],"about":[{"href":"https:\/\/www.europesays.com\/se\/wp-json\/wp\/v2\/types\/post"}],"author":[{"embeddable":true,"href":"https:\/\/www.europesays.com\/se\/wp-json\/wp\/v2\/users\/2"}],"replies":[{"embeddable":true,"href":"https:\/\/www.europesays.com\/se\/wp-json\/wp\/v2\/comments?post=119363"}],"version-history":[{"count":0,"href":"https:\/\/www.europesays.com\/se\/wp-json\/wp\/v2\/posts\/119363\/revisions"}],"wp:featuredmedia":[{"embeddable":true,"href":"https:\/\/www.europesays.com\/se\/wp-json\/wp\/v2\/media\/119364"}],"wp:attachment":[{"href":"https:\/\/www.europesays.com\/se\/wp-json\/wp\/v2\/media?parent=119363"}],"wp:term":[{"taxonomy":"category","embeddable":true,"href":"https:\/\/www.europesays.com\/se\/wp-json\/wp\/v2\/categories?post=119363"},{"taxonomy":"post_tag","embeddable":true,"href":"https:\/\/www.europesays.com\/se\/wp-json\/wp\/v2\/tags?post=119363"}],"curies":[{"name":"wp","href":"https:\/\/api.w.org\/{rel}","templated":true}]}}