{"id":119365,"date":"2025-12-29T08:18:17","date_gmt":"2025-12-29T08:18:17","guid":{"rendered":"https:\/\/www.europesays.com\/se\/119365\/"},"modified":"2025-12-29T08:18:17","modified_gmt":"2025-12-29T08:18:17","slug":"debatt-fn-viktigt-for-att-sakra-freden-i-europa","status":"publish","type":"post","link":"https:\/\/www.europesays.com\/se\/119365\/","title":{"rendered":"Debatt: FN viktigt f\u00f6r att s\u00e4kra freden i Europa"},"content":{"rendered":"<p class=\"mb-4 mx-auto max-w-xl\"><strong>Parallellt med fredsf\u00f6rhandlingarna b\u00f6r dock FN f\u00f6ra breda diskussioner med Ryssland om framtiden f\u00f6r att s\u00e4kra freden i Europa, skriver Anders Andersson.<\/strong><\/p>\n<p class=\"break-words mb-4 mx-auto max-w-xl\">Vilka visioner har Ryssland f\u00f6r sina ockuperade delar av Ukraina, sitt eget eftersatta land och \u00f6vriga f\u00f6re detta sovjetrepubliker efter ett eventuellt fredsavtal med Ukraina? Detta b\u00f6r FN f\u00f6ra kontinuerliga diskussioner om med Ryssland \u2013 som ser sig som en stormakt, men \u00e4r fattigare \u00e4n Rum\u00e4nien och Bulgarien.<\/p>\n<p class=\"break-words mb-4 mx-auto max-w-xl\">De p\u00e5g\u00e5ende f\u00f6rhandlingar om fred i Ukraina handlar fr\u00e4mst om att f\u00f6rdela landomr\u00e5den och hitta milit\u00e4ra l\u00f6sningar som s\u00e4krar ett eventuellt fredsavtal. F\u00f6rhandlingarna leds av ett svajigt USA, som enligt Budapestuppg\u00f6relsen 1994 f\u00f6rbundit sig att skydda Ukrainas suver\u00e4nitet mot att de i geng\u00e4ld \u00f6verl\u00e4mnade sina k\u00e4rnvapen till Ryssland 1996. Ryssland accepterar dock endast USA som f\u00f6rhandlingspart, d\u00e4rf\u00f6r \u00e4r FN:s roll i kriget fr\u00e4mst att st\u00f6dja Ukraina med humanit\u00e4rt bist\u00e5nd och flyktinghj\u00e4lp.<\/p>\n<p class=\"break-words mb-4 mx-auto max-w-xl\"><strong>Parallellt med<\/strong> fredsf\u00f6rhandlingarna b\u00f6r dock FN f\u00f6ra breda diskussioner med Ryssland om framtiden f\u00f6r att s\u00e4kra freden i Europa. Eftersom Rysslands och EU:s perspektiv i de flesta avseenden skiljer sig \u00e5t \u00e4r risken stor f\u00f6r missf\u00f6rst\u00e5nd och att det d\u00e4rmed uppst\u00e5r nya konflikter.<\/p>\n<p class=\"break-words mb-4 mx-auto max-w-xl\">FN borde ha tagit betydligt fler f\u00f6rebyggande fredsinitiativ i Europa under de senaste 25 \u00e5ren. Redan i b\u00f6rjan av sin f\u00f6rsta presidentperiod visade Putin auktorit\u00e4ra drag, pressfriheten begr\u00e4nsades och 2005 sa han att Sovjetunionens uppl\u00f6sning var \u201df\u00f6rra \u00e5rhundradets st\u00f6rsta geopolitiska katastrof\u201d. Parallellt med detta p\u00e5gick en rysk milit\u00e4r upprustning. Kriget i Georgien 2008 och annektering av Krim 2014 visade definitivt var Ryssland var p\u00e5 v\u00e4g. Trots allt detta har FN haft en passiv h\u00e5llning under \u00e5ren.<\/p>\n<p class=\"break-words mb-4 mx-auto max-w-xl\">Exempelvis borde FN tidigt ha p\u00e5talat USA:s skyldighet att enligt Budapest\u00f6verenskommelsen g\u00f6ra betydligt st\u00f6rre anstr\u00e4ngningar f\u00f6r att skydda Ukrainas gr\u00e4ns mot Ryssland. Hade detta gjorts med milit\u00e4r p\u00e5 plats redan runt 2005 kanske varken Rysslands annektering av Krim eller anfall p\u00e5 Ukraina skett.<\/p>\n<p class=\"break-words mb-4 mx-auto max-w-xl\"><strong>FN:s diskussioner med<\/strong> sin permanenta medlem i s\u00e4kerhetsr\u00e5det Ryssland b\u00f6r handla om hur landet ser p\u00e5 sin egen utveckling, sin skeva historiesyn, vilka visioner landet har f\u00f6r sin befolkning, vad som f\u00e5r relativt fattiga Ryssland \u2013 l\u00e4gre BNP\/capita \u00e4n Rum\u00e4nien och Bulgarien, medellivsl\u00e4ngd p\u00e5 73 \u00e5r j\u00e4mf\u00f6rt med EU:s knappt 82 \u00e5r och ett HDI p\u00e5 0,83, att offra hundratusentals unga medborgares liv i ett om\u00e4nskligt destruktivt krig i det \u00e4nnu fattigare Ukraina ist\u00e4llet f\u00f6r att utveckla Ryssland.<\/p>\n<p class=\"break-words mb-4 mx-auto max-w-xl\">\u00c4ven eventuella upplevda hot fr\u00e5n EU och Nato, vilka samarbeten med EU Ryssland tror kan utveckla landet, varf\u00f6r Ryssland inte utvecklas i demokratisk riktning, varf\u00f6r Ryssland ockuperar Ukraina och eventuellt vill \u00e5teruppr\u00e4tta forna Sovjetunionen hellre \u00e4n att samarbeta med EU, samt vad Ryssland tillsammans med EU kan g\u00f6ra f\u00f6r att l\u00e5ngsiktigt s\u00e4kra freden i Europa.<\/p>\n<p class=\"break-words mb-4 mx-auto max-w-xl\"><strong>Passande personer att<\/strong> f\u00f6ra FN:s talan med Ryssland \u00e4r Tysklands tidigare f\u00f6rbundskansler Angela Merkel och de tidigare presidenterna Tarja Halonen, Bill Clinton och Georg\u2009W Bush. Alla tillh\u00f6r b\u00e5de Putins och Lavrovs generation och har under olika perioder de senaste 25 \u00e5ren tr\u00e4ffat dem flera g\u00e5nger och b\u00f6r d\u00e4rf\u00f6r ha m\u00f6jlighet att n\u00e5 fram till dem.<\/p>\n<p class=\"break-words mb-4 mx-auto max-w-xl\">Enligt FN-stadgan \u00e4r det FN:s skyldighet att vara aktivt i det f\u00f6rebyggande fredsarbetet i v\u00e4rlden f\u00f6r att f\u00f6rhindra att konflikter och krig uppst\u00e5r, samt att prata med sina medlemmar som inte lever upp till FN:s allm\u00e4nna f\u00f6rklaring om de m\u00e4nskliga r\u00e4ttigheterna. I det europeiska fredsarbetet \u00e4r d\u00e4rf\u00f6r FN en sj\u00e4lvklar och viktig spelare.<\/p>\n<p class=\"break-words mb-4 mx-auto max-w-xl\"><strong>Anders Andersson<\/strong><\/p>\n<p class=\"break-words mb-4 mx-auto max-w-xl\">L\u00e4rare, Skoghall<\/p>\n","protected":false},"excerpt":{"rendered":"Parallellt med fredsf\u00f6rhandlingarna b\u00f6r dock FN f\u00f6ra breda diskussioner med Ryssland om framtiden f\u00f6r att s\u00e4kra freden i&hellip;\n","protected":false},"author":2,"featured_media":119366,"comment_status":"","ping_status":"","sticky":false,"template":"","format":"standard","meta":{"footnotes":""},"categories":[14],"tags":[22,23,26,27,17,21,24,25,28,29,15,16,18,34,31,33,32,30,19,20,51,52,53,54],"class_list":{"0":"post-119365","1":"post","2":"type-post","3":"status-publish","4":"format-standard","5":"has-post-thumbnail","7":"category-varlden","8":"tag-breaking-news","9":"tag-breakingnews","10":"tag-featured-news","11":"tag-featurednews","12":"tag-headlines","13":"tag-huvudnyheter","14":"tag-latest-news","15":"tag-latestnews","16":"tag-main-news","17":"tag-mainnews","18":"tag-news","19":"tag-nyheter","20":"tag-rubriker","21":"tag-se","22":"tag-svenska","23":"tag-sverige","24":"tag-sweden","25":"tag-swedish","26":"tag-top-stories","27":"tag-topstories","28":"tag-varlden","29":"tag-world","30":"tag-world-news","31":"tag-worldnews"},"share_on_mastodon":{"url":"https:\/\/pubeurope.com\/@se\/115801876389015858","error":""},"_links":{"self":[{"href":"https:\/\/www.europesays.com\/se\/wp-json\/wp\/v2\/posts\/119365","targetHints":{"allow":["GET"]}}],"collection":[{"href":"https:\/\/www.europesays.com\/se\/wp-json\/wp\/v2\/posts"}],"about":[{"href":"https:\/\/www.europesays.com\/se\/wp-json\/wp\/v2\/types\/post"}],"author":[{"embeddable":true,"href":"https:\/\/www.europesays.com\/se\/wp-json\/wp\/v2\/users\/2"}],"replies":[{"embeddable":true,"href":"https:\/\/www.europesays.com\/se\/wp-json\/wp\/v2\/comments?post=119365"}],"version-history":[{"count":0,"href":"https:\/\/www.europesays.com\/se\/wp-json\/wp\/v2\/posts\/119365\/revisions"}],"wp:featuredmedia":[{"embeddable":true,"href":"https:\/\/www.europesays.com\/se\/wp-json\/wp\/v2\/media\/119366"}],"wp:attachment":[{"href":"https:\/\/www.europesays.com\/se\/wp-json\/wp\/v2\/media?parent=119365"}],"wp:term":[{"taxonomy":"category","embeddable":true,"href":"https:\/\/www.europesays.com\/se\/wp-json\/wp\/v2\/categories?post=119365"},{"taxonomy":"post_tag","embeddable":true,"href":"https:\/\/www.europesays.com\/se\/wp-json\/wp\/v2\/tags?post=119365"}],"curies":[{"name":"wp","href":"https:\/\/api.w.org\/{rel}","templated":true}]}}