{"id":119380,"date":"2025-12-29T08:27:11","date_gmt":"2025-12-29T08:27:11","guid":{"rendered":"https:\/\/www.europesays.com\/se\/119380\/"},"modified":"2025-12-29T08:27:11","modified_gmt":"2025-12-29T08:27:11","slug":"29-december-07-54-sammanfattning-natt-jonkopings-lan","status":"publish","type":"post","link":"https:\/\/www.europesays.com\/se\/119380\/","title":{"rendered":"29 december 07.54, Sammanfattning natt, J\u00f6nk\u00f6pings l\u00e4n"},"content":{"rendered":"<p>Polisens regionledningscentral har mellan klockan 22.00-07.00 hanterat ett 50-tal \u00e4renden som r\u00f6r J\u00f6nk\u00f6pings l\u00e4n.<\/p>\n<p>00.50: Polis larmas om en h\u00f6g sm\u00e4ll p\u00e5 Stockn\u00e4sv\u00e4gen i Eksj\u00f6. Enligt inringaren har det varit en mycket kraftig sm\u00e4ll. Patrull p\u00e5 plats kan inte hitta n\u00e5gra skador p\u00e5 fastigheten. D\u00e4remot hittas tv\u00e5 sm\u00e4llare p\u00e5 innerg\u00e5rden, som misst\u00e4nks ha orsakat den h\u00f6ga sm\u00e4llen.<\/p>\n<p>02.23 stoppas och kontrolleras en personbil i Barnarp i J\u00f6nk\u00f6ping. Patrullen misst\u00e4nker att f\u00f6raren, som \u00e4r en man i 20-\u00e5rs\u00e5ldern, \u00e4r narkotikap\u00e5verkad, och mannen f\u00e5r f\u00f6lja med polisen f\u00f6r provtagning. Efter provtagning misst\u00e4nks mannen f\u00f6r drograttfylleri, ringa narkotikabrott eget bruk, samt ringa narkotikainnehav. Mannens k\u00f6rkort omh\u00e4ndertas, och transportstyrelsen kommer fatta beslut om huruvida k\u00f6rkortet ska \u00e5terl\u00e4mnas eller \u00e5terkallas.\u00a0<\/p>\n","protected":false},"excerpt":{"rendered":"Polisens regionledningscentral har mellan klockan 22.00-07.00 hanterat ett 50-tal \u00e4renden som r\u00f6r J\u00f6nk\u00f6pings l\u00e4n. 00.50: Polis larmas om&hellip;\n","protected":false},"author":2,"featured_media":54,"comment_status":"","ping_status":"","sticky":false,"template":"","format":"standard","meta":{"footnotes":""},"categories":[12],"tags":[22,23,26,27,17,21,24,25,28,29,15,16,18,34,31,33,32,30,19,20],"class_list":{"0":"post-119380","1":"post","2":"type-post","3":"status-publish","4":"format-standard","5":"has-post-thumbnail","7":"category-sverige","8":"tag-breaking-news","9":"tag-breakingnews","10":"tag-featured-news","11":"tag-featurednews","12":"tag-headlines","13":"tag-huvudnyheter","14":"tag-latest-news","15":"tag-latestnews","16":"tag-main-news","17":"tag-mainnews","18":"tag-news","19":"tag-nyheter","20":"tag-rubriker","21":"tag-se","22":"tag-svenska","23":"tag-sverige","24":"tag-sweden","25":"tag-swedish","26":"tag-top-stories","27":"tag-topstories"},"share_on_mastodon":{"url":"https:\/\/pubeurope.com\/@se\/115801911672169738","error":""},"_links":{"self":[{"href":"https:\/\/www.europesays.com\/se\/wp-json\/wp\/v2\/posts\/119380","targetHints":{"allow":["GET"]}}],"collection":[{"href":"https:\/\/www.europesays.com\/se\/wp-json\/wp\/v2\/posts"}],"about":[{"href":"https:\/\/www.europesays.com\/se\/wp-json\/wp\/v2\/types\/post"}],"author":[{"embeddable":true,"href":"https:\/\/www.europesays.com\/se\/wp-json\/wp\/v2\/users\/2"}],"replies":[{"embeddable":true,"href":"https:\/\/www.europesays.com\/se\/wp-json\/wp\/v2\/comments?post=119380"}],"version-history":[{"count":0,"href":"https:\/\/www.europesays.com\/se\/wp-json\/wp\/v2\/posts\/119380\/revisions"}],"wp:featuredmedia":[{"embeddable":true,"href":"https:\/\/www.europesays.com\/se\/wp-json\/wp\/v2\/media\/54"}],"wp:attachment":[{"href":"https:\/\/www.europesays.com\/se\/wp-json\/wp\/v2\/media?parent=119380"}],"wp:term":[{"taxonomy":"category","embeddable":true,"href":"https:\/\/www.europesays.com\/se\/wp-json\/wp\/v2\/categories?post=119380"},{"taxonomy":"post_tag","embeddable":true,"href":"https:\/\/www.europesays.com\/se\/wp-json\/wp\/v2\/tags?post=119380"}],"curies":[{"name":"wp","href":"https:\/\/api.w.org\/{rel}","templated":true}]}}