{"id":119391,"date":"2025-12-29T08:36:09","date_gmt":"2025-12-29T08:36:09","guid":{"rendered":"https:\/\/www.europesays.com\/se\/119391\/"},"modified":"2025-12-29T08:36:09","modified_gmt":"2025-12-29T08:36:09","slug":"fyrverkerier-i-bil-granby-brott-mot-ordningslagen","status":"publish","type":"post","link":"https:\/\/www.europesays.com\/se\/119391\/","title":{"rendered":"Fyrverkerier i bil Gr\u00e4nby brott mot ordningslagen"},"content":{"rendered":"<p>Under s\u00f6ndagskv\u00e4llen stoppade polisen en bil i Gr\u00e4nby i samband med en vanlig kontroll. I bilen satt fem personer mellan 15 och 35 \u00e5r. Under kontrollen fann polisen fyrverkerier i bilen som man beslagtog. Polisen valde ocks\u00e5 att uppr\u00e4tta en anm\u00e4lan om brott mot ordningslagen.\u00a0Hur m\u00e5nga fyrverkeripj\u00e4ser det ska ha handlat om framg\u00e5r inte.\u00a0\u2013 Jag har inga uppgifter om at<\/p>\n","protected":false},"excerpt":{"rendered":"Under s\u00f6ndagskv\u00e4llen stoppade polisen en bil i Gr\u00e4nby i samband med en vanlig kontroll. I bilen satt fem&hellip;\n","protected":false},"author":2,"featured_media":1027,"comment_status":"","ping_status":"","sticky":false,"template":"","format":"standard","meta":{"footnotes":""},"categories":[12],"tags":[22,23,26,27,17,21,24,25,28,29,15,16,18,34,31,33,32,30,19,20],"class_list":{"0":"post-119391","1":"post","2":"type-post","3":"status-publish","4":"format-standard","5":"has-post-thumbnail","7":"category-sverige","8":"tag-breaking-news","9":"tag-breakingnews","10":"tag-featured-news","11":"tag-featurednews","12":"tag-headlines","13":"tag-huvudnyheter","14":"tag-latest-news","15":"tag-latestnews","16":"tag-main-news","17":"tag-mainnews","18":"tag-news","19":"tag-nyheter","20":"tag-rubriker","21":"tag-se","22":"tag-svenska","23":"tag-sverige","24":"tag-sweden","25":"tag-swedish","26":"tag-top-stories","27":"tag-topstories"},"share_on_mastodon":{"url":"https:\/\/pubeurope.com\/@se\/115801947129249384","error":""},"_links":{"self":[{"href":"https:\/\/www.europesays.com\/se\/wp-json\/wp\/v2\/posts\/119391","targetHints":{"allow":["GET"]}}],"collection":[{"href":"https:\/\/www.europesays.com\/se\/wp-json\/wp\/v2\/posts"}],"about":[{"href":"https:\/\/www.europesays.com\/se\/wp-json\/wp\/v2\/types\/post"}],"author":[{"embeddable":true,"href":"https:\/\/www.europesays.com\/se\/wp-json\/wp\/v2\/users\/2"}],"replies":[{"embeddable":true,"href":"https:\/\/www.europesays.com\/se\/wp-json\/wp\/v2\/comments?post=119391"}],"version-history":[{"count":0,"href":"https:\/\/www.europesays.com\/se\/wp-json\/wp\/v2\/posts\/119391\/revisions"}],"wp:featuredmedia":[{"embeddable":true,"href":"https:\/\/www.europesays.com\/se\/wp-json\/wp\/v2\/media\/1027"}],"wp:attachment":[{"href":"https:\/\/www.europesays.com\/se\/wp-json\/wp\/v2\/media?parent=119391"}],"wp:term":[{"taxonomy":"category","embeddable":true,"href":"https:\/\/www.europesays.com\/se\/wp-json\/wp\/v2\/categories?post=119391"},{"taxonomy":"post_tag","embeddable":true,"href":"https:\/\/www.europesays.com\/se\/wp-json\/wp\/v2\/tags?post=119391"}],"curies":[{"name":"wp","href":"https:\/\/api.w.org\/{rel}","templated":true}]}}