{"id":119392,"date":"2025-12-29T08:37:07","date_gmt":"2025-12-29T08:37:07","guid":{"rendered":"https:\/\/www.europesays.com\/se\/119392\/"},"modified":"2025-12-29T08:37:07","modified_gmt":"2025-12-29T08:37:07","slug":"detta-vet-vi-om-det-misstanka-mordet-i-salem-svd","status":"publish","type":"post","link":"https:\/\/www.europesays.com\/se\/119392\/","title":{"rendered":"Detta vet vi om det misst\u00e4nka mordet i Salem &#8211; SvD"},"content":{"rendered":"<ol>\n<li><a href=\"https:\/\/news.google.com\/rss\/articles\/CBMifEFVX3lxTFA4Ulk0aXJZVXl3VDMtTnVORWZsb0hmc19pd1JHNWVFNURseUlYMGh6X0xNdnlIWWdNQ1JERkpVc0RrZ3ZnWW4wX2o2RFdqbU9PUWVZTUY5bl84SlZCYkRCUjc2RDAtd1dYUEdPVnZJMVRES3lwQW14X3hzZnk?oc=5\" target=\"_blank\" rel=\"nofollow noopener\">Detta vet vi om det misst\u00e4nka mordet i Salem<\/a>&nbsp;&nbsp;SvD<\/li>\n<li><a href=\"https:\/\/news.google.com\/rss\/articles\/CBMiqwFBVV95cUxNdTh3ZFZjSnk1dVFBTkNIZWJQa2Z1dmFJbTFCa3VSekxvLTlGNXA5bVU0clJfUnRTRndfWGhnc0FxWS1jdW9ZU0UyUVh2Q1FRVEIwUHZHOThKdG1uaDc4UDRyUjVYNGJMV25ScnYzMktENnZVVEVrbVZWeno0eVlfaTNJY3lsblVEemY2WHVoX0pfZ0xtc2lBdTl5RUcwbnBGQmEycEhtSDEtMEE?oc=5\" target=\"_blank\" rel=\"nofollow noopener\">Uppgifter: Polisinsats i R\u00f6nninge inleddes efter anh\u00f6rigas fynd<\/a>&nbsp;&nbsp;SVT Nyheter<\/li>\n<li><a href=\"https:\/\/news.google.com\/rss\/articles\/CBMie0FVX3lxTE1FRVlFRjhTM2lxM0JfcVk0Y3ZEN1RDYlFmVzJsaUNjb2ZlZ1JXNlg1VGhielFJVDJiU3NGZmw3RzBTOGgtVmNLVGpCcnRLenYzTF9pSTVuSXplaFdrM1I0c3RyZ3lEcFFuZXowVS11bWNwMjhiaHlKSkg0VQ?oc=5\" target=\"_blank\" rel=\"nofollow noopener\">Uppgift: Polisen dr\u00f6jde \u2013 n\u00e4rst\u00e5ende hittade sp\u00e5r<\/a>&nbsp;&nbsp;Omni<\/li>\n<li><a href=\"https:\/\/news.google.com\/rss\/articles\/CBMisAFBVV95cUxNYXRSYTBFYnhWa19GSmZIb3VYMzhVM2djYTBtRE1WRU8zeG1qczFwZ2g5UjhOWUVhMjk4OFNhMXBodG5RN0VIMGJCNjhkS2V0SVJWWGJhSHlrYXk0MmxXVUdqTXF1LVI3YW1DSUI0S0ZzSk9oeDVaMkpIN1YyUExsMFdET3VSYmI5VmxELTNTU2VZYmtoUElPcF9MNGc5TUtYRHZZLVVkOUc3aWhKMFktTQ?oc=5\" target=\"_blank\" rel=\"nofollow noopener\">Misst\u00e4nkta m\u00f6rdaren tidigare d\u00f6md f\u00f6r kidnappningsf\u00f6rs\u00f6k<\/a>&nbsp;&nbsp;Aftonbladet<\/li>\n<li><a href=\"https:\/\/news.google.com\/rss\/articles\/CBMilAFBVV95cUxQSHBLc3RJeFlseVh1NGszUVlYdmhqRklxVG9jdzN0YUVaQkh0Nlgxcmo0WE4zME5DSUNWamZpNW5uZG5YOUtWay1sTDM0ZkRwaGd2eTF0ZkVhYjhCVDJ1RHp1MGsyWm4ybXlsSjdQalVZdlVadFQxU0tHcnBLNGNESHc3X0ZyaGxrT0J4OG9mMWZHMXVk?oc=5\" target=\"_blank\" rel=\"nofollow noopener\">26-\u00e5ringens mask \u2013 n\u00e4r han f\u00f6rs\u00f6kte kidnappa tio\u00e5ring<\/a>&nbsp;&nbsp;Expressen<\/li>\n<\/ol>\n","protected":false},"excerpt":{"rendered":"Detta vet vi om det misst\u00e4nka mordet i Salem&nbsp;&nbsp;SvD Uppgifter: Polisinsats i R\u00f6nninge inleddes efter anh\u00f6rigas fynd&nbsp;&nbsp;SVT Nyheter&hellip;\n","protected":false},"author":2,"featured_media":119393,"comment_status":"","ping_status":"","sticky":false,"template":"","format":"standard","meta":{"footnotes":""},"categories":[5],"tags":[22,23,26,27,17,21,24,25,28,29,15,16,18,34,31,33,32,30,19,20],"class_list":{"0":"post-119392","1":"post","2":"type-post","3":"status-publish","4":"format-standard","5":"has-post-thumbnail","7":"category-rubriker","8":"tag-breaking-news","9":"tag-breakingnews","10":"tag-featured-news","11":"tag-featurednews","12":"tag-headlines","13":"tag-huvudnyheter","14":"tag-latest-news","15":"tag-latestnews","16":"tag-main-news","17":"tag-mainnews","18":"tag-news","19":"tag-nyheter","20":"tag-rubriker","21":"tag-se","22":"tag-svenska","23":"tag-sverige","24":"tag-sweden","25":"tag-swedish","26":"tag-top-stories","27":"tag-topstories"},"share_on_mastodon":{"url":"https:\/\/pubeurope.com\/@se\/115801950958165467","error":""},"_links":{"self":[{"href":"https:\/\/www.europesays.com\/se\/wp-json\/wp\/v2\/posts\/119392","targetHints":{"allow":["GET"]}}],"collection":[{"href":"https:\/\/www.europesays.com\/se\/wp-json\/wp\/v2\/posts"}],"about":[{"href":"https:\/\/www.europesays.com\/se\/wp-json\/wp\/v2\/types\/post"}],"author":[{"embeddable":true,"href":"https:\/\/www.europesays.com\/se\/wp-json\/wp\/v2\/users\/2"}],"replies":[{"embeddable":true,"href":"https:\/\/www.europesays.com\/se\/wp-json\/wp\/v2\/comments?post=119392"}],"version-history":[{"count":0,"href":"https:\/\/www.europesays.com\/se\/wp-json\/wp\/v2\/posts\/119392\/revisions"}],"wp:featuredmedia":[{"embeddable":true,"href":"https:\/\/www.europesays.com\/se\/wp-json\/wp\/v2\/media\/119393"}],"wp:attachment":[{"href":"https:\/\/www.europesays.com\/se\/wp-json\/wp\/v2\/media?parent=119392"}],"wp:term":[{"taxonomy":"category","embeddable":true,"href":"https:\/\/www.europesays.com\/se\/wp-json\/wp\/v2\/categories?post=119392"},{"taxonomy":"post_tag","embeddable":true,"href":"https:\/\/www.europesays.com\/se\/wp-json\/wp\/v2\/tags?post=119392"}],"curies":[{"name":"wp","href":"https:\/\/api.w.org\/{rel}","templated":true}]}}