{"id":119406,"date":"2025-12-29T08:45:24","date_gmt":"2025-12-29T08:45:24","guid":{"rendered":"https:\/\/www.europesays.com\/se\/119406\/"},"modified":"2025-12-29T08:45:24","modified_gmt":"2025-12-29T08:45:24","slug":"christian-pulisic-slar-tillbaka-mot-sydney-sweeney-ryktena-serie-a","status":"publish","type":"post","link":"https:\/\/www.europesays.com\/se\/119406\/","title":{"rendered":"Christian Pulisic sl\u00e5r tillbaka mot Sydney Sweeney-ryktena | Serie A"},"content":{"rendered":"<p>Publicerad 29 dec 2025 kl 07.01Uppdaterad kl 09.24<\/p>\n<p>En fotbollsstj\u00e4rna och en sk\u00e5despelarstj\u00e4rna i en romans?<\/p>\n<p>Inte riktigt, om man f\u00e5r tro en av huvudpersonerna sj\u00e4lv.<\/p>\n<p>\u201dSn\u00e4lla, sluta\u201d, skriver Christian Pulisic om Sydney Sweeney-ryktena.\u00a0<\/p>\n<p>\u201dSlangen\u201d gissar slangord: \u201d\u00c4r det nya ordlistan?\u201d<img loading=\"lazy\"   alt=\"\"\/><\/p>\n<p>Sydney Sweeney.<\/p>\n<p>Foto: KAY BLAKE \/ STELLA PICTURES<\/p>\n<p>\u00d6ppna bild i helsk\u00e4rm<img loading=\"lazy\"   alt=\"\"\/><\/p>\n<p>Christian Pulisic.<\/p>\n<p>Foto: SPADA \/ STELLA PICTURES<\/p>\n<p>\u00d6ppna bild i helsk\u00e4rm<\/p>\n<p>De senaste dagarna har Christian Pulisic varit i ropet av andra anledningar \u00e4n de fotbollsm\u00e4ssiga.<\/p>\n<p>Den amerikanske fotbollsstj\u00e4rnan, till vardags i Serie A och AC Milan, har n\u00e4mligen omg\u00e4rdats av rykten. Mer exakt romansrykten.<\/p>\n<p>F\u00f6rst var det italienska <a href=\"https:\/\/www.gazzetta.it\/gossip\/25-12-2025\/pulisic-e-sydney-sweeney-insieme-il-gossip-e-cosa-c-e-di-vero.shtml?refresh_ce\" rel=\"nofollow noopener\" target=\"_blank\">Gazzetta dello Sport<\/a> som h\u00e4nvisade till Instagramkontot \u201dDNA Bomber\u201d och snappade upp ryktena. De gjorde n\u00e4mligen g\u00e4llande att Christian Pulisic inlett en romans med sk\u00e5despelarstj\u00e4rnan <a href=\"https:\/\/www.expressen.se\/tagg\/person\/sydney-sweeney\/\" class=\"\" rel=\"nofollow noopener\" target=\"_blank\">Sydney Sweeney<\/a> (mest k\u00e4nd fr\u00e5n succ\u00e9serien Euophoria), vilket f\u00e5tt internet att explodera.<\/p>\n<p><img loading=\"lazy\"   alt=\"\"\/><\/p>\n<p>Pulisics \u201dhj\u00e4rtgest\u201d sp\u00e4dde p\u00e5 spekulationerna.<\/p>\n<p>Foto: SPADA \/ STELLA PICTURES<\/p>\n<p>\u00d6ppna bild i helsk\u00e4rm\u201dM\u00e5ste h\u00e5llas ansvariga\u201d<\/p>\n<p>Nu sl\u00e5r dock Pulisic tillbaka mot ryktena efter att de blivit omskrivna i <a href=\"https:\/\/www.dailymail.co.uk\/sport\/football\/article-15417659\/christian-pulisic-sydney-sweeney-dating-rumor.html\" rel=\"nofollow noopener\" target=\"_blank\">Daily Mail<\/a> och <a href=\"https:\/\/www.marca.com\/en\/football\/serie-a\/2025\/12\/28\/6951718a22601d31148b4581.html\" rel=\"nofollow noopener\" target=\"_blank\">Marca<\/a>.<\/p>\n<p>\u201dSn\u00e4lla, sluta med de p\u00e5hittade historierna om mitt privatliv. K\u00e4llor m\u00e5ste h\u00e5llas ansvariga \u2013 det kan p\u00e5verka m\u00e4nniskors liv\u201d, skriver han p\u00e5 Instagram.<\/p>\n<p>Det <a href=\"https:\/\/football-italia.net\/pulisic-angry-made-up-stories-sydney-sweeney\/\" rel=\"nofollow noopener\" target=\"_blank\">spekulerades<\/a> \u00e4ven om hans hj\u00e4rtformade m\u00e5lgest efter m\u00e5let mot Hellas Verona under l\u00f6rdagen var en h\u00e4lsning till Sweeney, men s\u00e5 verkar allts\u00e5 inte vara fallet.<\/p>\n<p>Enligt <a href=\"https:\/\/www.the-sun.com\/sport\/14903188\/sydney-sweeney-messages-premiere-league-footballers\/\" rel=\"nofollow noopener\" target=\"_blank\">The Sun<\/a> har Sweeney, som har 26 miljoner f\u00f6ljare p\u00e5 Instagram, f\u00e5tt m\u00e4ngder med fl\u00f6rtiga meddelanden fr\u00e5n en rad idrottsstj\u00e4rnor efter att ha separerat fr\u00e5n Jonathan Davino<\/p>\n","protected":false},"excerpt":{"rendered":"Publicerad 29 dec 2025 kl 07.01Uppdaterad kl 09.24 En fotbollsstj\u00e4rna och en sk\u00e5despelarstj\u00e4rna i en romans? Inte riktigt,&hellip;\n","protected":false},"author":2,"featured_media":119407,"comment_status":"","ping_status":"","sticky":false,"template":"","format":"standard","meta":{"footnotes":""},"categories":[5],"tags":[22,23,26,27,17,21,24,25,28,29,15,16,12752,6320,18,34,129,6088,31,33,32,30,19,20],"class_list":{"0":"post-119406","1":"post","2":"type-post","3":"status-publish","4":"format-standard","5":"has-post-thumbnail","7":"category-rubriker","8":"tag-breaking-news","9":"tag-breakingnews","10":"tag-featured-news","11":"tag-featurednews","12":"tag-headlines","13":"tag-huvudnyheter","14":"tag-latest-news","15":"tag-latestnews","16":"tag-main-news","17":"tag-mainnews","18":"tag-news","19":"tag-nyheter","20":"tag-organization-ac-milan","21":"tag-person-sydney-sweeney","22":"tag-rubriker","23":"tag-se","24":"tag-sections-fotboll","25":"tag-sections-seriea","26":"tag-svenska","27":"tag-sverige","28":"tag-sweden","29":"tag-swedish","30":"tag-top-stories","31":"tag-topstories"},"share_on_mastodon":{"url":"https:\/\/pubeurope.com\/@se\/115801982503147323","error":""},"_links":{"self":[{"href":"https:\/\/www.europesays.com\/se\/wp-json\/wp\/v2\/posts\/119406","targetHints":{"allow":["GET"]}}],"collection":[{"href":"https:\/\/www.europesays.com\/se\/wp-json\/wp\/v2\/posts"}],"about":[{"href":"https:\/\/www.europesays.com\/se\/wp-json\/wp\/v2\/types\/post"}],"author":[{"embeddable":true,"href":"https:\/\/www.europesays.com\/se\/wp-json\/wp\/v2\/users\/2"}],"replies":[{"embeddable":true,"href":"https:\/\/www.europesays.com\/se\/wp-json\/wp\/v2\/comments?post=119406"}],"version-history":[{"count":0,"href":"https:\/\/www.europesays.com\/se\/wp-json\/wp\/v2\/posts\/119406\/revisions"}],"wp:featuredmedia":[{"embeddable":true,"href":"https:\/\/www.europesays.com\/se\/wp-json\/wp\/v2\/media\/119407"}],"wp:attachment":[{"href":"https:\/\/www.europesays.com\/se\/wp-json\/wp\/v2\/media?parent=119406"}],"wp:term":[{"taxonomy":"category","embeddable":true,"href":"https:\/\/www.europesays.com\/se\/wp-json\/wp\/v2\/categories?post=119406"},{"taxonomy":"post_tag","embeddable":true,"href":"https:\/\/www.europesays.com\/se\/wp-json\/wp\/v2\/tags?post=119406"}],"curies":[{"name":"wp","href":"https:\/\/api.w.org\/{rel}","templated":true}]}}