{"id":119416,"date":"2025-12-29T08:51:06","date_gmt":"2025-12-29T08:51:06","guid":{"rendered":"https:\/\/www.europesays.com\/se\/119416\/"},"modified":"2025-12-29T08:51:06","modified_gmt":"2025-12-29T08:51:06","slug":"kronika-golfstrommen-en-story-av-gigantisk-magnitud","status":"publish","type":"post","link":"https:\/\/www.europesays.com\/se\/119416\/","title":{"rendered":"Kr\u00f6nika: \u201dGolfstr\u00f6mmen \u2013 en story av gigantisk magnitud\u201d"},"content":{"rendered":"<p>Systemet av havsstr\u00f6mmar, d\u00e4r Golfstr\u00f6mmen ing\u00e5r, riskerar att kollapsa till f\u00f6ljd av den globala uppv\u00e4rmningen \u2013 det har alla stora nyhetsmedier, \u00e4ven SVT, rapporterat om under de senaste \u00e5ren.<\/p>\n<p>D\u00e4remot r\u00e5der oenighet kring hur stor risken \u00e4r och n\u00e4r det skulle kunna intr\u00e4ffa.<\/p>\n<p>\u2013 I akademiska kretsar p\u00e5g\u00e5r en intensiv debatt om detta just nu. \u00c5sikterna str\u00e4cker sig fr\u00e5n praktiskt taget om\u00f6jligt till en risk p\u00e5 25 procent vid mitten av detta \u00e5rhundrande, konstaterar Alex Vermeulen, chef f\u00f6r m\u00e4tinstitutet ICOS Carbon Portal, <a href=\"https:\/\/www.lu.se\/artikel\/nar-blir-den-sista-vita-julen\" rel=\"nofollow noopener\" target=\"_blank\">i en intervju p\u00e5 Lunds universitets hemsida<\/a>.<\/p>\n<p>Andra g\u00e5r ett steg l\u00e4ngre och beskriver det som havs- och klimatforskningens mest polariserade fr\u00e5ga.<\/p>\n<p>Det finns forskare som skriver \u00f6ppet brev och uppmanar politiker till handling till f\u00f6ljd av rapporter om havsstr\u00f6mmarna. Det finns andra, lika ansedda forskare som i st\u00e4llet efterlyser en mer balanserad medierapportering. Och ingen av dem har n\u00f6dv\u00e4ndigtvis fel, precis som Susan Ritz\u00e9n och Fredrik Larsson visar i nyhetsdokument\u00e4ren \u201dKollapsar Golfstr\u00f6mmen?\u201d.<\/p>\n<p>Sex dygn i Nordatlanten<\/p>\n<p>Ingen seri\u00f6s forskare ifr\u00e5gas\u00e4tter klimathotet, och Golfstr\u00f6mmens framtid \u00e4r en nyhetsstory av gigantisk magnitud. Just d\u00e4rf\u00f6r \u00e4r den s\u00e5 viktig att ber\u00e4tta s\u00e5 nyanserat det g\u00e5r, med flera perspektiv och r\u00f6ster.<\/p>\n<p>Under h\u00f6sten har v\u00e5rt team tillbringat sex dygn ombord p\u00e5 ett forskningsfartyg i Nordatlanten, bevakat vetenskapliga konferenser i Reykjavik och Stockholm, och pratat med en rad v\u00e4lrenommerade experter som ger sin syn p\u00e5 \u00e4mnet. Och nej, det h\u00e4r handlar inte om att ge oseri\u00f6sa r\u00f6ster lika stor tyngd som seri\u00f6sa, utan om att skildra en komplicerad fr\u00e5ga d\u00e4r r\u00e5det \u201dlyssna p\u00e5 forskarna\u201d kan resultera i vitt skilda svar.<\/p>\n<p><strong>Det h\u00e4r \u00e4r SVT Nyheters ambition i all f\u00f6rdjupande journalistik. Oavsett om det handlar om klimatet, g\u00e4ngkriminaliteten eller sjukv\u00e5rden.<\/strong><\/p>\n","protected":false},"excerpt":{"rendered":"Systemet av havsstr\u00f6mmar, d\u00e4r Golfstr\u00f6mmen ing\u00e5r, riskerar att kollapsa till f\u00f6ljd av den globala uppv\u00e4rmningen \u2013 det har&hellip;\n","protected":false},"author":2,"featured_media":119417,"comment_status":"","ping_status":"","sticky":false,"template":"","format":"standard","meta":{"footnotes":""},"categories":[14],"tags":[22,23,26,27,17,21,24,25,28,29,15,16,18,34,31,33,32,30,19,20,51,52,53,54],"class_list":{"0":"post-119416","1":"post","2":"type-post","3":"status-publish","4":"format-standard","5":"has-post-thumbnail","7":"category-varlden","8":"tag-breaking-news","9":"tag-breakingnews","10":"tag-featured-news","11":"tag-featurednews","12":"tag-headlines","13":"tag-huvudnyheter","14":"tag-latest-news","15":"tag-latestnews","16":"tag-main-news","17":"tag-mainnews","18":"tag-news","19":"tag-nyheter","20":"tag-rubriker","21":"tag-se","22":"tag-svenska","23":"tag-sverige","24":"tag-sweden","25":"tag-swedish","26":"tag-top-stories","27":"tag-topstories","28":"tag-varlden","29":"tag-world","30":"tag-world-news","31":"tag-worldnews"},"share_on_mastodon":{"url":"https:\/\/pubeurope.com\/@se\/115802006063236410","error":""},"_links":{"self":[{"href":"https:\/\/www.europesays.com\/se\/wp-json\/wp\/v2\/posts\/119416","targetHints":{"allow":["GET"]}}],"collection":[{"href":"https:\/\/www.europesays.com\/se\/wp-json\/wp\/v2\/posts"}],"about":[{"href":"https:\/\/www.europesays.com\/se\/wp-json\/wp\/v2\/types\/post"}],"author":[{"embeddable":true,"href":"https:\/\/www.europesays.com\/se\/wp-json\/wp\/v2\/users\/2"}],"replies":[{"embeddable":true,"href":"https:\/\/www.europesays.com\/se\/wp-json\/wp\/v2\/comments?post=119416"}],"version-history":[{"count":0,"href":"https:\/\/www.europesays.com\/se\/wp-json\/wp\/v2\/posts\/119416\/revisions"}],"wp:featuredmedia":[{"embeddable":true,"href":"https:\/\/www.europesays.com\/se\/wp-json\/wp\/v2\/media\/119417"}],"wp:attachment":[{"href":"https:\/\/www.europesays.com\/se\/wp-json\/wp\/v2\/media?parent=119416"}],"wp:term":[{"taxonomy":"category","embeddable":true,"href":"https:\/\/www.europesays.com\/se\/wp-json\/wp\/v2\/categories?post=119416"},{"taxonomy":"post_tag","embeddable":true,"href":"https:\/\/www.europesays.com\/se\/wp-json\/wp\/v2\/tags?post=119416"}],"curies":[{"name":"wp","href":"https:\/\/api.w.org\/{rel}","templated":true}]}}