{"id":119418,"date":"2025-12-29T08:52:10","date_gmt":"2025-12-29T08:52:10","guid":{"rendered":"https:\/\/www.europesays.com\/se\/119418\/"},"modified":"2025-12-29T08:52:10","modified_gmt":"2025-12-29T08:52:10","slug":"gratis-samtal-pa-familjeradgivningen-efter-arsskiftet","status":"publish","type":"post","link":"https:\/\/www.europesays.com\/se\/119418\/","title":{"rendered":"Gratis samtal p\u00e5 Familjer\u00e5dgivningen efter \u00e5rsskiftet"},"content":{"rendered":"<p>Problem med k\u00e4rleken eller med n\u00e5gon annan form av familjerelation? Efter \u00e5rsskiftet erbjuder Familjer\u00e5dgivningen gratis samtal f\u00f6r dig som \u00e4r bosatt i S\u00f6dert\u00e4lje kommun.<\/p>\n<p>\u2013 Vi \u00e4r glada att nu kunna erbjuda alla S\u00f6dert\u00e4ljebor, oavsett ekonomiska f\u00f6ruts\u00e4ttningar, st\u00f6d och hj\u00e4lp till att f\u00e5 det b\u00e4ttre i sina relationer, s\u00e4ger Maria \u00c5hlund, gruppledare p\u00e5 Familjer\u00e5dgivningen i S\u00f6dert\u00e4lje.<\/p>\n<p>Familjer\u00e5dgivningen riktar sig till vuxna i n\u00e5gon form av k\u00e4rleks- eller familjerelation.<\/p>\n<p>\u2013Tillsammans hj\u00e4lper vi m\u00e4nniskor att lyssna, reflektera och komma vidare p\u00e5 ett konstruktivt s\u00e4tt. Vi arbetar ofta med m\u00e4nniskor i kris. Men vi v\u00e4lkomnar alla som vill v\u00e5rda sina relationer och d\u00e4rf\u00f6r vill ha samtal i f\u00f6rebyggande syfte, f\u00f6rklarar Maria \u00c5hlund.<\/p>\n<p>S\u00f6k st\u00f6d och hj\u00e4lp tidigt<\/p>\n<p>M\u00e5nga som kontaktar Familjer\u00e5dgivningen uppger att bristande kommunikation \u00e4r ett stort problem och vill hitta nya s\u00e4tt att samtala. Tystnad, gr\u00e4l, missf\u00f6rst\u00e5nd eller att sexlivet inte k\u00e4nns bra \u00e4r andra vanliga sv\u00e5righeter. Otrohet, svek och samarbete om barn efter en separation \u00e4r ocks\u00e5 exempel p\u00e5 teman i samtalen.<\/p>\n<p>\u2013Vi v\u00e4nder oss till en bred m\u00e5lgrupp och v\u00e4lkomnar \u00e4ven vuxna barn med f\u00f6r\u00e4ldrar, syskon samt par som inte har barn. Vi hoppas att \u00e4nnu fler kommer att hitta till oss nu n\u00e4r samtalen blir avgiftsfria p\u00e5 Familjer\u00e5dgivningen, s\u00e4ger Maria \u00c5hlund.<\/p>\n<p><a href=\"https:\/\/www.sodertalje.se\/omsorg-och-socialt-stod\/stod-till-barn-unga-och-foraldrar\/familjeradgivning\/\" rel=\"nofollow noopener\" target=\"_blank\">H\u00e4r hittar du mer information om och kontaktuppgifter till familjer\u00e5dgivningen i S\u00f6dert\u00e4lje kommun.<\/a><\/p>\n","protected":false},"excerpt":{"rendered":"Problem med k\u00e4rleken eller med n\u00e5gon annan form av familjerelation? Efter \u00e5rsskiftet erbjuder Familjer\u00e5dgivningen gratis samtal f\u00f6r dig&hellip;\n","protected":false},"author":2,"featured_media":119419,"comment_status":"","ping_status":"","sticky":false,"template":"","format":"standard","meta":{"footnotes":""},"categories":[12],"tags":[22,23,26,27,17,21,24,25,28,29,15,16,18,34,31,33,32,30,19,20],"class_list":{"0":"post-119418","1":"post","2":"type-post","3":"status-publish","4":"format-standard","5":"has-post-thumbnail","7":"category-sverige","8":"tag-breaking-news","9":"tag-breakingnews","10":"tag-featured-news","11":"tag-featurednews","12":"tag-headlines","13":"tag-huvudnyheter","14":"tag-latest-news","15":"tag-latestnews","16":"tag-main-news","17":"tag-mainnews","18":"tag-news","19":"tag-nyheter","20":"tag-rubriker","21":"tag-se","22":"tag-svenska","23":"tag-sverige","24":"tag-sweden","25":"tag-swedish","26":"tag-top-stories","27":"tag-topstories"},"share_on_mastodon":{"url":"https:\/\/pubeurope.com\/@se\/115802009959822598","error":""},"_links":{"self":[{"href":"https:\/\/www.europesays.com\/se\/wp-json\/wp\/v2\/posts\/119418","targetHints":{"allow":["GET"]}}],"collection":[{"href":"https:\/\/www.europesays.com\/se\/wp-json\/wp\/v2\/posts"}],"about":[{"href":"https:\/\/www.europesays.com\/se\/wp-json\/wp\/v2\/types\/post"}],"author":[{"embeddable":true,"href":"https:\/\/www.europesays.com\/se\/wp-json\/wp\/v2\/users\/2"}],"replies":[{"embeddable":true,"href":"https:\/\/www.europesays.com\/se\/wp-json\/wp\/v2\/comments?post=119418"}],"version-history":[{"count":0,"href":"https:\/\/www.europesays.com\/se\/wp-json\/wp\/v2\/posts\/119418\/revisions"}],"wp:featuredmedia":[{"embeddable":true,"href":"https:\/\/www.europesays.com\/se\/wp-json\/wp\/v2\/media\/119419"}],"wp:attachment":[{"href":"https:\/\/www.europesays.com\/se\/wp-json\/wp\/v2\/media?parent=119418"}],"wp:term":[{"taxonomy":"category","embeddable":true,"href":"https:\/\/www.europesays.com\/se\/wp-json\/wp\/v2\/categories?post=119418"},{"taxonomy":"post_tag","embeddable":true,"href":"https:\/\/www.europesays.com\/se\/wp-json\/wp\/v2\/tags?post=119418"}],"curies":[{"name":"wp","href":"https:\/\/api.w.org\/{rel}","templated":true}]}}