{"id":119420,"date":"2025-12-29T08:53:11","date_gmt":"2025-12-29T08:53:11","guid":{"rendered":"https:\/\/www.europesays.com\/se\/119420\/"},"modified":"2025-12-29T08:53:11","modified_gmt":"2025-12-29T08:53:11","slug":"mammakorv-hjarnrota-och-broligark-kan-du-nyorden-for-2025-sundsvalls-tidning","status":"publish","type":"post","link":"https:\/\/www.europesays.com\/se\/119420\/","title":{"rendered":"Mammakorv, hj\u00e4rnr\u00f6ta och broligark \u2013 kan du nyorden f\u00f6r 2025? \u2013 Sundsvalls Tidning"},"content":{"rendered":"<p>I framtiden kommer vi att kommunicera h\u00f6gteknologiskt men, av klimat- och milj\u00f6n\u00f6dv\u00e4ndighet, fysiskt och praktiskt leva n\u00e4rmare naturen.<\/p>\n<p>S\u00e5 t\u00e4nker jag och 2025 \u00e5rs nyordslista st\u00f6djer tanken \u2013 denna underh\u00e5llande nyckel till vad vi talar om och t\u00e4nker p\u00e5 just nu.<\/p>\n<p>H\u00e4ng med p\u00e5 en tur bland hj\u00e4rnr\u00f6ta, balkongkraftverk och handelsbazookor.<\/p>\n<p>Det h\u00e4r \u00e4r en kr\u00f6nika.Analys och v\u00e4rderingar \u00e4r skribentens egna.<\/p>\n<p>\u00c5rets nyordslista \u00e4r h\u00e4r \u2013 Spr\u00e5ktidningens och Spr\u00e5kr\u00e5dets lista \u00f6ver ord som myntats eller blivit vanligare under \u00e5ret. Den \u00e4r b\u00e5de humor, igenk\u00e4nning och eftertanke och som vanligt blir den extra intressant n\u00e4r man j\u00e4mf\u00f6r \u00e5rets snackisar med tidigare \u00e5rs.<\/p>\n<p>Tekniskt fel<\/p>\n<p class=\"message__text txt-ui txt-ui-2\">V\u00e4nligen f\u00f6rs\u00f6k igen senare.<\/p>\n<p>Den h\u00e4r artikeln \u00e4r bara f\u00f6r prenumeranter<\/p>\n<p class=\"txt-body txt-body-1\">Om du redan \u00e4r prenumerant: logga in!<\/p>\n","protected":false},"excerpt":{"rendered":"I framtiden kommer vi att kommunicera h\u00f6gteknologiskt men, av klimat- och milj\u00f6n\u00f6dv\u00e4ndighet, fysiskt och praktiskt leva n\u00e4rmare naturen.&hellip;\n","protected":false},"author":2,"featured_media":119421,"comment_status":"","ping_status":"","sticky":false,"template":"","format":"standard","meta":{"footnotes":""},"categories":[5],"tags":[22,23,26,27,17,21,24,25,28,29,15,16,18,34,31,33,32,30,19,20],"class_list":{"0":"post-119420","1":"post","2":"type-post","3":"status-publish","4":"format-standard","5":"has-post-thumbnail","7":"category-rubriker","8":"tag-breaking-news","9":"tag-breakingnews","10":"tag-featured-news","11":"tag-featurednews","12":"tag-headlines","13":"tag-huvudnyheter","14":"tag-latest-news","15":"tag-latestnews","16":"tag-main-news","17":"tag-mainnews","18":"tag-news","19":"tag-nyheter","20":"tag-rubriker","21":"tag-se","22":"tag-svenska","23":"tag-sverige","24":"tag-sweden","25":"tag-swedish","26":"tag-top-stories","27":"tag-topstories"},"share_on_mastodon":{"url":"https:\/\/pubeurope.com\/@se\/115802013875834588","error":""},"_links":{"self":[{"href":"https:\/\/www.europesays.com\/se\/wp-json\/wp\/v2\/posts\/119420","targetHints":{"allow":["GET"]}}],"collection":[{"href":"https:\/\/www.europesays.com\/se\/wp-json\/wp\/v2\/posts"}],"about":[{"href":"https:\/\/www.europesays.com\/se\/wp-json\/wp\/v2\/types\/post"}],"author":[{"embeddable":true,"href":"https:\/\/www.europesays.com\/se\/wp-json\/wp\/v2\/users\/2"}],"replies":[{"embeddable":true,"href":"https:\/\/www.europesays.com\/se\/wp-json\/wp\/v2\/comments?post=119420"}],"version-history":[{"count":0,"href":"https:\/\/www.europesays.com\/se\/wp-json\/wp\/v2\/posts\/119420\/revisions"}],"wp:featuredmedia":[{"embeddable":true,"href":"https:\/\/www.europesays.com\/se\/wp-json\/wp\/v2\/media\/119421"}],"wp:attachment":[{"href":"https:\/\/www.europesays.com\/se\/wp-json\/wp\/v2\/media?parent=119420"}],"wp:term":[{"taxonomy":"category","embeddable":true,"href":"https:\/\/www.europesays.com\/se\/wp-json\/wp\/v2\/categories?post=119420"},{"taxonomy":"post_tag","embeddable":true,"href":"https:\/\/www.europesays.com\/se\/wp-json\/wp\/v2\/tags?post=119420"}],"curies":[{"name":"wp","href":"https:\/\/api.w.org\/{rel}","templated":true}]}}