{"id":11943,"date":"2025-08-23T17:18:09","date_gmt":"2025-08-23T17:18:09","guid":{"rendered":"https:\/\/www.europesays.com\/se\/11943\/"},"modified":"2025-08-23T17:18:09","modified_gmt":"2025-08-23T17:18:09","slug":"drakes-kryptiska-hyllning-till-borje-salming-dottern-bianca-sjukt","status":"publish","type":"post","link":"https:\/\/www.europesays.com\/se\/11943\/","title":{"rendered":"Drakes kryptiska hyllning till B\u00f6rje Salming \u2013 dottern Bianca: \u201dSjukt\u201d"},"content":{"rendered":"<p>Publicerad 23 aug 2025 kl 14.25Uppdaterad kl 16.48<\/p>\n<p>Under fredagskv\u00e4llen var Bianca Salming p\u00e5 Drakes konsert i Stockholm.<\/p>\n<p>Sedan levererade v\u00e4rldsartisten en kryptisk hyllning till hennes far \u2013 B\u00f6rje Salming.<\/p>\n<p>\u2013 Det var en sjuk slump, s\u00e4ger hon.<\/p>\n<p>Bianca Salming: \u201dHar sparat pappas lappar\u201d<img loading=\"lazy\"   alt=\"\"\/><\/p>\n<p>Bilden p\u00e5 B\u00f6rje Salming och Mats Sundin som Drake publicerade p\u00e5 Instagram.<\/p>\n<p>Foto: ROGER TILLBERG \/ IBL<\/p>\n<p>\u00d6ppna bild i helsk\u00e4rm<img loading=\"lazy\"   alt=\"\"\/><\/p>\n<p>Drake.<\/p>\n<p>Foto: AAPA, MMON  \/ BACKGRID UK \/ TT \/ TT NYHETSBYR\u00c5N<\/p>\n<p>\u00d6ppna bild i helsk\u00e4rm<img loading=\"lazy\"   alt=\"\"\/><\/p>\n<p>Bianca Salming.<\/p>\n<p>Foto: Anders Wiklund\/TT \/ TT NYHETSBYR\u00c5N<\/p>\n<p>\u00d6ppna bild i helsk\u00e4rm<\/p>\n<p>Den v\u00e4rldsk\u00e4nda rapartisten Drake har varit i Sverige och spelat p\u00e5 Avicii arena under tv\u00e5 kv\u00e4llar i rad.<\/p>\n<p>I ett mellansnack under torsdagskv\u00e4llens konsert hyllade han den svenska publiken.<\/p>\n<p>\u2013 Det h\u00e4r \u00e4r den b\u00e4sta publiken jag n\u00e5gonsin sett i mitt liv, sa han enligt <a href=\"https:\/\/www.svt.se\/kultur\/har-hyllar-drake-den-svenska-publiken-den-basta-kvallen-i-min-karriar\" rel=\"nofollow noopener\" target=\"_blank\">SVT<\/a>.<\/p>\n<p>Han j\u00e4mf\u00f6rde \u00e4ven upplevelsen med att spela inf\u00f6r sin hemstad Toronto.<\/p>\n<p>Och nu har han gjort en annan koppling mellan Sverige och den kanadensiska storstaden.\u00a0<\/p>\n<p>Efter konserten har han hyllat den svenska hockeylegendaren B\u00f6rje Salming.<\/p>\n<p>Salming, tillsammans med Mats Sundin, syns n\u00e4mligen i ett Instagraminl\u00e4gg d\u00e4r Drake sammanfattar sin vistelse i Sverige.<\/p>\n<p>B\u00f6rje Salming spelade i Toronto Maple Leafs mellan 1973 och 1989.<\/p>\n<p>Bianca Salming: \u201dSjuk slump\u201d<\/p>\n<p>Och som av en ren slump s\u00e5 befann sig ingen mindre \u00e4n <a href=\"https:\/\/www.expressen.se\/tagg\/person\/bianca-salming\/\" class=\"\" rel=\"nofollow noopener\" target=\"_blank\">Bianca Salming<\/a>, B\u00f6rjes friidrottande dotter, p\u00e5 Drakes fredagskonsert.<\/p>\n<p>Expressen n\u00e5r henne under l\u00f6rdagen.<\/p>\n<p>\u2013\u00a0Det var en sjuk slump att jag var p\u00e5 konserten och att han sedan l\u00e4gger ut. Det var fint, tyckte jag. Sen s\u00e5 vet jag att han kommer fr\u00e5n Toronto och s\u00e5 d\u00e4r, s\u00e5 det k\u00e4ndes lite extra kul. Det var en \u00f6verraskning.<\/p>\n<p><strong>Visste han att du var d\u00e4r?<\/strong><\/p>\n<p>\u2013 Jag har sv\u00e5rt att se att han visste, jag k\u00f6pte biljetterna precis innan. Det kan jag inte s\u00e4ga. I wish.<\/p>\n<p><strong>Hur k\u00e4ndes det att se hyllningen?<\/strong><\/p>\n<p>\u2013 Det var j\u00e4ttekul. Framf\u00f6r allt f\u00f6r att det var en s\u00e5dan bra konsert och att jag verkligen gillar Drake. Och varje g\u00e5ng n\u00e5gon hyllar pappa s\u00e5 blir man ju glad s\u00e5 klart.<\/p>\n<p>Bianca Salming t\u00e4vlar i m\u00e5ngkamp, men f\u00f6r bara n\u00e5gra dagar sedan meddelade hon att hon bryter s\u00e4songen p\u00e5 grund av en skada. 26-\u00e5ringen missar d\u00e4rf\u00f6r den p\u00e5g\u00e5ende Finnkampen och h\u00f6stens kommande VM.<\/p>\n<p><a href=\"https:\/\/www.instagram.com\/p\/DNrZN9B3LRB\/?img_index=1\" data-provider=\"instagram\" class=\"js-social-embed\" rel=\"nofollow noopener\" target=\"_blank\">https:\/\/www.instagram.com\/p\/DNrZN9B3LRB\/?img_index=1<\/a><img alt=\"\"\/>Ljudklippet gick inte att spela upp<\/p>\n<p>F\u00f6rs\u00f6k igen senare<\/p>\n<p><script async src=\"\/\/www.instagram.com\/embed.js\"><\/script><\/p>\n","protected":false},"excerpt":{"rendered":"Publicerad 23 aug 2025 kl 14.25Uppdaterad kl 16.48 Under fredagskv\u00e4llen var Bianca Salming p\u00e5 Drakes konsert i Stockholm.&hellip;\n","protected":false},"author":2,"featured_media":11944,"comment_status":"","ping_status":"","sticky":false,"template":"","format":"standard","meta":{"footnotes":""},"categories":[5],"tags":[22,23,26,27,17,21,24,25,28,29,15,16,1465,1480,18,34,31,33,32,30,19,20],"class_list":{"0":"post-11943","1":"post","2":"type-post","3":"status-publish","4":"format-standard","5":"has-post-thumbnail","7":"category-rubriker","8":"tag-breaking-news","9":"tag-breakingnews","10":"tag-featured-news","11":"tag-featurednews","12":"tag-headlines","13":"tag-huvudnyheter","14":"tag-latest-news","15":"tag-latestnews","16":"tag-main-news","17":"tag-mainnews","18":"tag-news","19":"tag-nyheter","20":"tag-person-bianca-salming","21":"tag-person-drake","22":"tag-rubriker","23":"tag-se","24":"tag-svenska","25":"tag-sverige","26":"tag-sweden","27":"tag-swedish","28":"tag-top-stories","29":"tag-topstories"},"share_on_mastodon":{"url":"","error":""},"_links":{"self":[{"href":"https:\/\/www.europesays.com\/se\/wp-json\/wp\/v2\/posts\/11943","targetHints":{"allow":["GET"]}}],"collection":[{"href":"https:\/\/www.europesays.com\/se\/wp-json\/wp\/v2\/posts"}],"about":[{"href":"https:\/\/www.europesays.com\/se\/wp-json\/wp\/v2\/types\/post"}],"author":[{"embeddable":true,"href":"https:\/\/www.europesays.com\/se\/wp-json\/wp\/v2\/users\/2"}],"replies":[{"embeddable":true,"href":"https:\/\/www.europesays.com\/se\/wp-json\/wp\/v2\/comments?post=11943"}],"version-history":[{"count":0,"href":"https:\/\/www.europesays.com\/se\/wp-json\/wp\/v2\/posts\/11943\/revisions"}],"wp:featuredmedia":[{"embeddable":true,"href":"https:\/\/www.europesays.com\/se\/wp-json\/wp\/v2\/media\/11944"}],"wp:attachment":[{"href":"https:\/\/www.europesays.com\/se\/wp-json\/wp\/v2\/media?parent=11943"}],"wp:term":[{"taxonomy":"category","embeddable":true,"href":"https:\/\/www.europesays.com\/se\/wp-json\/wp\/v2\/categories?post=11943"},{"taxonomy":"post_tag","embeddable":true,"href":"https:\/\/www.europesays.com\/se\/wp-json\/wp\/v2\/tags?post=11943"}],"curies":[{"name":"wp","href":"https:\/\/api.w.org\/{rel}","templated":true}]}}