{"id":119430,"date":"2025-12-29T08:59:09","date_gmt":"2025-12-29T08:59:09","guid":{"rendered":"https:\/\/www.europesays.com\/se\/119430\/"},"modified":"2025-12-29T08:59:09","modified_gmt":"2025-12-29T08:59:09","slug":"trump-och-netanyahu-mots-for-att-diskutera-gaza","status":"publish","type":"post","link":"https:\/\/www.europesays.com\/se\/119430\/","title":{"rendered":"Trump och Netanyahu m\u00f6ts f\u00f6r att diskutera Gaza"},"content":{"rendered":"<p>share-arrowDela<\/p>\n<p>unsaveSpara<\/p>\n<p>expand-left<\/p>\n<p>helsk\u00e4rm<img decoding=\"async\" class=\"image-asset hyperion-css-u06ts1\" data-test-tag=\"image-asset\" src=\"https:\/\/www.europesays.com\/se\/wp-content\/uploads\/2025\/12\/95a8c8df-1ae3-44f8-991d-58abb9442acf.jpeg\"  alt=\"USA:s president Donald Trump och Israels premi\u00e4rminister Benjamin Netanyahu vid ett m\u00f6te i Tel Aviv i h\u00f6stas.\"  loading=\"eager\" fetchpriority=\"high\" style=\"aspect-ratio:1900 \/ 1267\"\/>USA:s president Donald Trump och Israels premi\u00e4rminister Benjamin Netanyahu vid ett m\u00f6te i Tel Aviv i h\u00f6stas. Foto: Evan Vucci\/AP\/TT<\/p>\n<p class=\"hyperion-css-1shl3oz\" data-test-tag=\"lead-text\">USA:s president Donald Trump och Israels premi\u00e4rminister Benjamin Netanyahu tr\u00e4ffas under m\u00e5ndagen f\u00f6r att diskutera Gaza.<\/p>\n<p class=\"hyperion-css-1shl3oz\" data-test-tag=\"lead-text\">M\u00f6tet sker samtidigt som personer i Vita huset befarar att b\u00e5de Israel och Hamas f\u00f6rhalar vapenvilans andra fas.<\/p>\n<p class=\"hyperion-css-1v9qo5x\">Vapenvilan i Gaza \u00e4r en av Donald Trumps stora utrikespolitiska bedrifter sedan han \u00e5terv\u00e4nde till Vita huset och i m\u00f6tet med Netanyahu vill Trump beh\u00e5lla initiativet och se till att vapenvilan tr\u00e4der in i fas tv\u00e5 friktionsfritt.<\/p>\n<p class=\"hyperion-css-1v9qo5x\">Men k\u00e4llor inom Vita huset s\u00e4ger att b\u00e5de Hamas och Netanyahu \u00e4r motstr\u00e4viga till fas tv\u00e5 som inneb\u00e4r att Israel drar sig tillbaks fr\u00e5n Gaza, och att Hamas avv\u00e4pnas och l\u00e4mnar \u00f6ver styret av landremsan till en interimsregering, rapporterar AFP.<\/p>\n<p class=\"hyperion-css-1v9qo5x\">Ett tillbakadragande fr\u00e5n Gaza anses vara ett beskt piller att sv\u00e4lja f\u00f6r de m\u00e5nga och h\u00f6gljudda f\u00f6respr\u00e5karna i Israels h\u00f6gerlutande regering som vill se Gaza styras av Israel och som viftar undan alla anspr\u00e5k p\u00e5 sj\u00e4lvbest\u00e4mmande f\u00f6r landremsan.<\/p>\n<p class=\"hyperion-css-1v9qo5x\">I m\u00f6tet kommer Netanyahu att beh\u00f6va balansera mellan krav fr\u00e5n partier som utg\u00f6r hans regeringsunderlag, och Trumps avsikt att framst\u00e4lla sig sj\u00e4lv som en global fredsm\u00e4klare, och som satsat mycket politisk prestige i att f\u00e5 ett slut p\u00e5 kriget.<\/p>\n<p class=\"hyperion-css-1v9qo5x\">M\u00f6tet \u00e4ger rum klockan 19 svensk tid.<\/p>\n","protected":false},"excerpt":{"rendered":"share-arrowDela unsaveSpara expand-left helsk\u00e4rmUSA:s president Donald Trump och Israels premi\u00e4rminister Benjamin Netanyahu vid ett m\u00f6te i Tel Aviv&hellip;\n","protected":false},"author":2,"featured_media":119431,"comment_status":"","ping_status":"","sticky":false,"template":"","format":"standard","meta":{"footnotes":""},"categories":[14],"tags":[22,23,26,27,17,21,24,25,28,29,15,16,18,34,31,33,32,30,19,20,51,52,53,54],"class_list":{"0":"post-119430","1":"post","2":"type-post","3":"status-publish","4":"format-standard","5":"has-post-thumbnail","7":"category-varlden","8":"tag-breaking-news","9":"tag-breakingnews","10":"tag-featured-news","11":"tag-featurednews","12":"tag-headlines","13":"tag-huvudnyheter","14":"tag-latest-news","15":"tag-latestnews","16":"tag-main-news","17":"tag-mainnews","18":"tag-news","19":"tag-nyheter","20":"tag-rubriker","21":"tag-se","22":"tag-svenska","23":"tag-sverige","24":"tag-sweden","25":"tag-swedish","26":"tag-top-stories","27":"tag-topstories","28":"tag-varlden","29":"tag-world","30":"tag-world-news","31":"tag-worldnews"},"share_on_mastodon":{"url":"https:\/\/pubeurope.com\/@se\/115802037515849244","error":""},"_links":{"self":[{"href":"https:\/\/www.europesays.com\/se\/wp-json\/wp\/v2\/posts\/119430","targetHints":{"allow":["GET"]}}],"collection":[{"href":"https:\/\/www.europesays.com\/se\/wp-json\/wp\/v2\/posts"}],"about":[{"href":"https:\/\/www.europesays.com\/se\/wp-json\/wp\/v2\/types\/post"}],"author":[{"embeddable":true,"href":"https:\/\/www.europesays.com\/se\/wp-json\/wp\/v2\/users\/2"}],"replies":[{"embeddable":true,"href":"https:\/\/www.europesays.com\/se\/wp-json\/wp\/v2\/comments?post=119430"}],"version-history":[{"count":0,"href":"https:\/\/www.europesays.com\/se\/wp-json\/wp\/v2\/posts\/119430\/revisions"}],"wp:featuredmedia":[{"embeddable":true,"href":"https:\/\/www.europesays.com\/se\/wp-json\/wp\/v2\/media\/119431"}],"wp:attachment":[{"href":"https:\/\/www.europesays.com\/se\/wp-json\/wp\/v2\/media?parent=119430"}],"wp:term":[{"taxonomy":"category","embeddable":true,"href":"https:\/\/www.europesays.com\/se\/wp-json\/wp\/v2\/categories?post=119430"},{"taxonomy":"post_tag","embeddable":true,"href":"https:\/\/www.europesays.com\/se\/wp-json\/wp\/v2\/tags?post=119430"}],"curies":[{"name":"wp","href":"https:\/\/api.w.org\/{rel}","templated":true}]}}