{"id":119432,"date":"2025-12-29T09:00:06","date_gmt":"2025-12-29T09:00:06","guid":{"rendered":"https:\/\/www.europesays.com\/se\/119432\/"},"modified":"2025-12-29T09:00:06","modified_gmt":"2025-12-29T09:00:06","slug":"uppgifter-polisinsats-i-ronninge-inleddes-efter-anhorigas-fynd","status":"publish","type":"post","link":"https:\/\/www.europesays.com\/se\/119432\/","title":{"rendered":"Uppgifter: Polisinsats i R\u00f6nninge inleddes efter anh\u00f6rigas fynd"},"content":{"rendered":"<p>Under s\u00f6ndagen meddelade polisen att den kvinna i 25-\u00e5rs\u00e5ldern som anm\u00e4lts f\u00f6rsvunnen i R\u00f6nninge <a href=\"https:\/\/www.svt.se\/nyheter\/lokalt\/sodertalje\/stor-polisinsats-pagar-i-salem\" rel=\"nofollow noopener\" target=\"_blank\">hittats d\u00f6d<\/a>. <\/p>\n<p>Strax innan klockan 01.30, natten mot fredagen den 26 december, allts\u00e5 annandagen, s\u00e5gs hon senast vid R\u00f6nninge station efter att ha varit ute och tr\u00e4ffat v\u00e4nner. Kvinnan kom inte hem och hennes anh\u00f6riga kontaktade d\u00e4rf\u00f6r polisen under annandagsmorgonen. <\/p>\n<p>Men ingen aktiv polisinsats inleddes d\u00e5, enligt Aftonbladets uppgifter.<\/p>\n<p>Hittade sladdsp\u00e5r och h\u00f6rlurar<\/p>\n<p>Familj och v\u00e4nner gav sig sj\u00e4lva ut i omr\u00e5det f\u00f6r att leta och var de som hittade kvinnans h\u00f6rlurar drygt 500 meter fr\u00e5n stationen. Vid platsen hittades \u00e4ven buntband, en hammare och sladdsp\u00e5r, enligt uppgifterna.<\/p>\n<p>F\u00f6rst efter att de anh\u00f6riga informerade polisen om fynden inleddes en insats.<\/p>\n<p>\u2013 Vi blev kontaktade av n\u00e4ra anh\u00f6riga fram p\u00e5 f\u00f6rmiddagen, mitt p\u00e5 dagen p\u00e5 annandagen. De uppgifterna tillsammans med andra delar och tips vi f\u00e5tt in ledde vidare till att vi b\u00f6rjade jobba i tv\u00e5 stycken strukturerade sp\u00e5r, s\u00e4ger polisens kommenderingschef Max \u00c5kerwall p\u00e5 s\u00f6ndagens presstr\u00e4ff.<\/p>\n<p>Greps p\u00e5 l\u00f6rdagen<\/p>\n<p>Med hj\u00e4lp av fynden kunde polisen inleda en spaningsinsats mot en person som misst\u00e4nktes f\u00f6r m\u00e4nniskorov.<\/p>\n<p>Under l\u00f6rdagen greps den misst\u00e4nkta i ett skogsomr\u00e5de, flera mil fr\u00e5n R\u00f6nninge station. Vid platsen gjordes ocks\u00e5 fynd som gjorde att polisen kunde konstatera att kvinnan var d\u00f6d.<\/p>\n<p>Personen \u00e4r nu anh\u00e5llen p\u00e5 sannolika sk\u00e4l misst\u00e4nkt f\u00f6r mord. Ytterligare en person \u00e4r anh\u00e5llen sk\u00e4ligen misst\u00e4nkt f\u00f6r m\u00e4nniskorov.<\/p>\n<p>Senast i morgon, tisdag, klockan 12 m\u00e5ste \u00e5klagaren besluta om de anh\u00e5llna personerna ska beg\u00e4ras h\u00e4ktade eller f\u00f6rs\u00e4ttas p\u00e5 fri fot.<\/p>\n<p>SVT s\u00f6ker polisen.<\/p>\n<p><a href=\"https:\/\/www.svtplay.se\/video\/8z7voWZ\/svt-nyheter-direkt\/polisen-om-forsvunna-kvinnan-i-salem\" rel=\"nofollow noopener\" target=\"_blank\">H\u00e4r<\/a> kan du se SVT:s lives\u00e4ndning fr\u00e5n polisens presskonferens i s\u00f6ndags.<\/p>\n","protected":false},"excerpt":{"rendered":"Under s\u00f6ndagen meddelade polisen att den kvinna i 25-\u00e5rs\u00e5ldern som anm\u00e4lts f\u00f6rsvunnen i R\u00f6nninge hittats d\u00f6d. Strax innan&hellip;\n","protected":false},"author":2,"featured_media":119433,"comment_status":"","ping_status":"","sticky":false,"template":"","format":"standard","meta":{"footnotes":""},"categories":[12],"tags":[22,23,26,27,17,21,24,25,28,29,15,16,18,34,31,33,32,30,19,20],"class_list":{"0":"post-119432","1":"post","2":"type-post","3":"status-publish","4":"format-standard","5":"has-post-thumbnail","7":"category-sverige","8":"tag-breaking-news","9":"tag-breakingnews","10":"tag-featured-news","11":"tag-featurednews","12":"tag-headlines","13":"tag-huvudnyheter","14":"tag-latest-news","15":"tag-latestnews","16":"tag-main-news","17":"tag-mainnews","18":"tag-news","19":"tag-nyheter","20":"tag-rubriker","21":"tag-se","22":"tag-svenska","23":"tag-sverige","24":"tag-sweden","25":"tag-swedish","26":"tag-top-stories","27":"tag-topstories"},"share_on_mastodon":{"url":"https:\/\/pubeurope.com\/@se\/115802041447890603","error":""},"_links":{"self":[{"href":"https:\/\/www.europesays.com\/se\/wp-json\/wp\/v2\/posts\/119432","targetHints":{"allow":["GET"]}}],"collection":[{"href":"https:\/\/www.europesays.com\/se\/wp-json\/wp\/v2\/posts"}],"about":[{"href":"https:\/\/www.europesays.com\/se\/wp-json\/wp\/v2\/types\/post"}],"author":[{"embeddable":true,"href":"https:\/\/www.europesays.com\/se\/wp-json\/wp\/v2\/users\/2"}],"replies":[{"embeddable":true,"href":"https:\/\/www.europesays.com\/se\/wp-json\/wp\/v2\/comments?post=119432"}],"version-history":[{"count":0,"href":"https:\/\/www.europesays.com\/se\/wp-json\/wp\/v2\/posts\/119432\/revisions"}],"wp:featuredmedia":[{"embeddable":true,"href":"https:\/\/www.europesays.com\/se\/wp-json\/wp\/v2\/media\/119433"}],"wp:attachment":[{"href":"https:\/\/www.europesays.com\/se\/wp-json\/wp\/v2\/media?parent=119432"}],"wp:term":[{"taxonomy":"category","embeddable":true,"href":"https:\/\/www.europesays.com\/se\/wp-json\/wp\/v2\/categories?post=119432"},{"taxonomy":"post_tag","embeddable":true,"href":"https:\/\/www.europesays.com\/se\/wp-json\/wp\/v2\/tags?post=119432"}],"curies":[{"name":"wp","href":"https:\/\/api.w.org\/{rel}","templated":true}]}}