{"id":119442,"date":"2025-12-29T09:09:27","date_gmt":"2025-12-29T09:09:27","guid":{"rendered":"https:\/\/www.europesays.com\/se\/119442\/"},"modified":"2025-12-29T09:09:27","modified_gmt":"2025-12-29T09:09:27","slug":"unik-chans-for-smaforetagen-nar-cypern-tar-over-i-eu-varmt-valkomna","status":"publish","type":"post","link":"https:\/\/www.europesays.com\/se\/119442\/","title":{"rendered":"Unik chans f\u00f6r sm\u00e5f\u00f6retagen n\u00e4r Cypern tar \u00f6ver i EU \u2013 &#8221;Varmt v\u00e4lkomna&#8221;"},"content":{"rendered":"<p>\t\t\t\t\t<a href=\"https:\/\/www.tn.se\/eus-framtid\/\" rel=\"nofollow noopener\" target=\"_blank\"><br \/>\n\t\t\t\tEU:S FRAMTID<br \/>\n\t\t\t<\/a><\/p>\n<p>\t\t\t\t<img decoding=\"async\" class=\"figure-img img-fluid\"  src=\"https:\/\/www.europesays.com\/se\/wp-content\/uploads\/2025\/12\/bilder.tn.se.jpeg\" alt=\"\" itemprop=\"image\"\/><\/p>\n<p>\t\t\t\t\t\t\t\t\t\u201dTrots att b\u00e5de Sverige och Cypern \u00e4r medlemmar i EU, och den omfattande svenska turismen till Cypern, upplever vi p\u00e5 ambassaden att svenska f\u00f6retag ofta inte har s\u00e5 bra koll p\u00e5 m\u00f6jligheterna p\u00e5 den cypriotiska marknaden\u201d, s\u00e4ger Souad Abid, bitr\u00e4dande myndighetschef p\u00e5 Sveriges ambassad i Cypern.<br \/>\n\t\t\t\t\t\t\t\t\t\t\t\t\tBild:<br \/>\n\t\t\t\t\tSveriges ambassad i Nicosia<\/p>\n<p class=\"ew-preamble\" itemprop=\"description\">Den 1 januari tar Cypern \u00f6ver EU-klubban. Souad Abid, bitr\u00e4dande myndighetschef p\u00e5 Sveriges ambassad i Cypern, hoppas att ordf\u00f6randeskapet ska bidra till att n\u00e4ringslivet f\u00e5r upp \u00f6gonen f\u00f6r landet. \u201dSvenska f\u00f6retag har ofta inte har s\u00e5 bra koll p\u00e5 m\u00f6jligheterna p\u00e5 den cypriotiska marknaden\u201d, s\u00e4ger hon till TN.<\/p>\n<p>\n\t\tPublicerad:<br \/>\n\t\t29 dec 2025, 10:05\n\t<\/p>\n<p>\n\t\t\tUppdaterad:<br \/>\n\t\t\t29 dec 2025, 10:07\n\t\t<\/p>\n<p class=\"ew-body\">Bland gemene svensk \u00e4r Cypern kanske mest k\u00e4nt f\u00f6r sitt varma klimat och sina fina str\u00e4nder, som lockar bes\u00f6kare till sent in p\u00e5 h\u00f6sten. Men \u00e4ven om turismen st\u00e5r f\u00f6r en stor andel av Cyperns BNP s\u00e5 har det lilla landet, som utg\u00f6r Medelhavets tredje st\u00f6rsta \u00f6 och blott har 1,3 miljoner inv\u00e5nare, ocks\u00e5 en v\u00e4xande techscen och ett n\u00e4ringsliv som v\u00e4xer inom en rad branscher, inte minst bank- och finanssektorn.<\/p>\n<p>AI-sammanfattning<\/p>\n<p class=\"ew-body\">Cypern \u00e4r k\u00e4nt f\u00f6r sitt klimat och str\u00e4nder men allt mer \u00e4ven f\u00f6r en v\u00e4xande techscen.<\/p>\n<p class=\"ew-body\">Turismen dominerar, men \u00e4ven bank- och finanssektorn v\u00e4xer starkt i landet.<\/p>\n<p class=\"ew-body\">F\u00f6rsta halv\u00e5ret 2026 \u00e4r Cypern ordf\u00f6randeland i EU och f\u00e5r m\u00f6jlighet att synas lite extra.<\/p>\n<p class=\"ew-body\">Sveriges ambassad arbetar med att fr\u00e4mja m\u00f6ten mellan svenska och cypriotiska f\u00f6retag.<\/p>\n<p class=\"ew-body\">Under ordf\u00f6randeskapet \u00e4r bland annat Ukrainafr\u00e5gan och EU:s innovationskraft prioriterade.<\/p>\n<p class=\"ew-body\">Ambassaden hoppas \u00f6ka svensk n\u00e4rvaro p\u00e5 Cyperns marknad under dessa intensiva m\u00e5nader.<\/p>\n<p>\t\t\t\t\t<a id=\"factbox__show-more\">L\u00e4s mer<\/a><\/p>\n<p class=\"ew-body\">Det f\u00f6rsta halv\u00e5ret 2026 \u00e4r Cypern dessutom ordf\u00f6randeland i EU, och f\u00e5r d\u00e4rmed en unik chans att visa upp landet f\u00f6r resten av EU. Det menar Souad Abid, bitr\u00e4dande myndighetschef p\u00e5 Sveriges ambassad i Cypern.<\/p>\n<p class=\"ew-body\">\u2013 Det som jag tycker \u00e4r det allra roligaste med att jobba p\u00e5 en ambassad \u00e4r att kunna bidra till m\u00f6ten mellan m\u00e4nniskor, f\u00f6retag och andra akt\u00f6rer som kanske annars aldrig hade haft m\u00f6jlighet att tr\u00e4ffas. Det kan exempelvis vara att introducera svenska innovat\u00f6rer till f\u00f6retag i Cypern, s\u00e4ger hon till TN.<\/p>\n<p>        Vill s\u00e4rskilt lyfta SME-f\u00f6retag<\/p>\n<p class=\"ew-body\">Redan i h\u00f6stas, n\u00e4r Danmark hade ordf\u00f6randeklubban i EU, p\u00e5gick f\u00f6rberedelserna f\u00f6r fullt \u00e4ven i Cypern. Souad Abid och hennes kollegor har bland annat haft en stor delegation fr\u00e5n Svenskt N\u00e4ringslivs kontor i Bryssel p\u00e5 bes\u00f6k i huvudstaden Nicosia f\u00f6r att diskutera det kommande cypriotiska EU-ordf\u00f6randeskapet.<\/p>\n<p class=\"ew-body\">\u2013 Ordf\u00f6randeskapet inneb\u00e4r givetvis att vi f\u00e5r fler tillf\u00e4llen \u00e4n vanligt att visa upp Sverige, svenska prioriteringar och svenska f\u00f6retag h\u00e4r i Cypern och jag ser mycket fram emot att arbeta tillsammans med v\u00e5ra cypriotiska motparter i detta syfte. Som alltid \u00e4r svenska f\u00f6retag varmt v\u00e4lkomna att kontakta ambassaden exempelvis f\u00f6r st\u00f6d och hj\u00e4lp i att f\u00f6rst\u00e5 den cypriotiska marknaden, eller f\u00f6r att f\u00e5 kontakt med olika akt\u00f6rer h\u00e4r p\u00e5 \u00f6n.<\/p>\n<p class=\"ew-body\"><strong id=\"strong\">Vilka fr\u00e5gor kommer att vara i fokus under det cypriotiska ordf\u00f6randeskapet?<\/strong><\/p>\n<p class=\"ew-body\">\u2013 Alla EU-ordf\u00f6randeskap beh\u00f6ver givetvis hantera och driva de fr\u00e5gor som vid tidpunkten f\u00f6r ordf\u00f6randeskapet finns p\u00e5 EU:s bord. F\u00f6r Cyperns del inneb\u00e4r det allvarliga s\u00e4kerhetspolitiska l\u00e4ge Europa befinner sig i att Ukraina kommer vara mycket h\u00f6gt upp p\u00e5 dagordningen. Cypern kommer \u00e4ven ta vidare fr\u00e5gan om att st\u00e4rka EU:s innovations- och konkurrenskraft, d\u00e4r Cypern sj\u00e4lv har ett s\u00e4rskilt intresse f\u00f6r att lyfta fram EU:s sm\u00e5- och medelstora f\u00f6retag.<\/p>\n<p class=\"ew-body\">En viktig uppgift f\u00f6r Cypern blir dessutom att ta vidare f\u00f6rhandlingarna om EU:s l\u00e5ngtidsbudget f\u00f6r \u00e5ren 2028\u20132034. F\u00f6rhandlingarna om EU:s \u201dMultiannual Financial Framework\u201d eller \u201dMFF\u201d, som l\u00e5ngtidsbudgeten brukar kallas i internationella sammanhang, p\u00e5b\u00f6rjades under det danska ordf\u00f6randeskapet och v\u00e4ntas p\u00e5g\u00e5 i flera \u00e5r till.<\/p>\n<p class=\"ew-body\"><strong id=\"strong-5cce2360037edc05e0c808395ecd43f9\">Hur kommer ni att samarbeta med n\u00e4ringslivet under ordf\u00f6randeskapet?<\/strong><\/p>\n<p class=\"ew-body\">\u2013 Vi driver ett kontinuerligt arbete med n\u00e4ringslivsfr\u00e4mjande p\u00e5 ambassaden, d\u00e4r vi p\u00e5 olika s\u00e4tt arbetar med att fr\u00e4mja djupare ekonomiska och aff\u00e4rsm\u00e4ssiga relationer mellan Sverige och Cypern. Inom ramen f\u00f6r detta bist\u00e5r vi svenska f\u00f6retag i att g\u00f6ra aff\u00e4rer med och i Cypern.<\/p>\n<blockquote class=\"ew-blockquote blockquote\"><p>\u201dVi kommer att f\u00f6rs\u00f6ka g\u00f6ra s\u00e5 mycket som m\u00f6jligt av detta, men vi \u00e4r beroende av kontakter med intresserade f\u00f6retag och organisationer.\u201d<\/p><\/blockquote>\n<p class=\"ew-body\">Souad Abid ber\u00e4ttar att den svenska ambassaden p\u00e5 Cypern har ett n\u00e4ra samarbete med Business Sweden i Milano och \u00e4ven tar hj\u00e4lp av andra delar av Team Sweden f\u00f6r att fr\u00e4mja svenska aff\u00e4rsintressen.<\/p>\n<p class=\"ew-body\">\u2013 Det som s\u00e4rskiljer ordf\u00f6randeskapet \u00e4r givetvis att det kommer vara betydligt fler evenemang \u00e4n vanligt p\u00e5 \u00f6n, vilket b\u00e5de s\u00e4tter \u00f6kad press p\u00e5 ambassadens resurser ocks\u00e5 ger oss fler m\u00f6jligheter att lyfta fram det svenska n\u00e4ringslivet, s\u00e4ger hon och forts\u00e4tter:<\/p>\n<p class=\"ew-body\">\u2013 Vi kommer att f\u00f6rs\u00f6ka g\u00f6ra s\u00e5 mycket som m\u00f6jligt av detta, men vi \u00e4r beroende av kontakter med intresserade f\u00f6retag och organisationer. Trots att b\u00e5de Sverige och Cypern \u00e4r medlemmar i EU, och den omfattande svenska turismen till Cypern, upplever vi p\u00e5 ambassaden att svenska f\u00f6retag ofta inte har s\u00e5 bra koll p\u00e5 m\u00f6jligheterna p\u00e5 den cypriotiska marknaden. F\u00f6rhoppningsvis kommer Cyperns tid i str\u00e5lkastarskenet under ordf\u00f6randeskapet att \u00e4ndra p\u00e5 detta.<\/p>\n<p>        Fokus p\u00e5 konkurrenskraft<\/p>\n<p class=\"ew-body\">De kommande sex m\u00e5naderna kommer den svenska ambassaden p\u00e5 Cypern, som Souad Abid beskriver som en f\u00f6rh\u00e5llandevis liten ambassad, att ha fullt upp. Hon ser fram emot intensiva m\u00e5nader och hoppas att det cypriotiska ordf\u00f6randeskapet ska bli b\u00e5de h\u00e4ndelserikt och betydelsefullt.<\/p>\n<p class=\"ew-body\">\u2013 Jag hoppas att vi under dessa sex m\u00e5nader kommer kunna bidra till kontaktskapande p\u00e5 en helt annan niv\u00e5 \u00e4n vi vanligtvis har m\u00f6jlighet till, p\u00e5 grund av alla de beslutsfattare, f\u00f6retag, intresseorganisationer och investerare som ordf\u00f6randeskapet kommer attrahera, s\u00e4ger hon, och avslutar:<\/p>\n<p class=\"ew-body\">\u2013 Fr\u00e5n svenskt perspektiv hoppas vi f\u00f6rst\u00e5s ocks\u00e5 p\u00e5 ett starkt genomslag f\u00f6r konkurrenskraftsagendan, som ju initierades under Sveriges ordf\u00f6randeskap 2023. EU:s svar p\u00e5 Rysslands aggression mot Ukraina \u00e4r fortsatt ocks\u00e5 helt centralt f\u00f6r Sverige, och det \u00e4r givetvis viktigt att EU under Cyperns ordf\u00f6randeskap fortsatt st\u00e5r enade i v\u00e5rt svar.<\/p>\n<p>\n\t\tPublicerad:<br \/>\n\t\t29 dec 2025, 10:05\n\t<\/p>\n<p>\n\t\t\tUppdaterad:<br \/>\n\t\t\t29 dec 2025, 10:07\n\t\t<\/p>\n","protected":false},"excerpt":{"rendered":"EU:S FRAMTID \u201dTrots att b\u00e5de Sverige och Cypern \u00e4r medlemmar i EU, och den omfattande svenska turismen till&hellip;\n","protected":false},"author":2,"featured_media":119443,"comment_status":"","ping_status":"","sticky":false,"template":"","format":"standard","meta":{"footnotes":""},"categories":[12],"tags":[22,23,26,27,17,21,24,25,28,29,15,16,18,34,31,33,32,30,19,20],"class_list":{"0":"post-119442","1":"post","2":"type-post","3":"status-publish","4":"format-standard","5":"has-post-thumbnail","7":"category-sverige","8":"tag-breaking-news","9":"tag-breakingnews","10":"tag-featured-news","11":"tag-featurednews","12":"tag-headlines","13":"tag-huvudnyheter","14":"tag-latest-news","15":"tag-latestnews","16":"tag-main-news","17":"tag-mainnews","18":"tag-news","19":"tag-nyheter","20":"tag-rubriker","21":"tag-se","22":"tag-svenska","23":"tag-sverige","24":"tag-sweden","25":"tag-swedish","26":"tag-top-stories","27":"tag-topstories"},"share_on_mastodon":{"url":"https:\/\/pubeurope.com\/@se\/115802076884351361","error":""},"_links":{"self":[{"href":"https:\/\/www.europesays.com\/se\/wp-json\/wp\/v2\/posts\/119442","targetHints":{"allow":["GET"]}}],"collection":[{"href":"https:\/\/www.europesays.com\/se\/wp-json\/wp\/v2\/posts"}],"about":[{"href":"https:\/\/www.europesays.com\/se\/wp-json\/wp\/v2\/types\/post"}],"author":[{"embeddable":true,"href":"https:\/\/www.europesays.com\/se\/wp-json\/wp\/v2\/users\/2"}],"replies":[{"embeddable":true,"href":"https:\/\/www.europesays.com\/se\/wp-json\/wp\/v2\/comments?post=119442"}],"version-history":[{"count":0,"href":"https:\/\/www.europesays.com\/se\/wp-json\/wp\/v2\/posts\/119442\/revisions"}],"wp:featuredmedia":[{"embeddable":true,"href":"https:\/\/www.europesays.com\/se\/wp-json\/wp\/v2\/media\/119443"}],"wp:attachment":[{"href":"https:\/\/www.europesays.com\/se\/wp-json\/wp\/v2\/media?parent=119442"}],"wp:term":[{"taxonomy":"category","embeddable":true,"href":"https:\/\/www.europesays.com\/se\/wp-json\/wp\/v2\/categories?post=119442"},{"taxonomy":"post_tag","embeddable":true,"href":"https:\/\/www.europesays.com\/se\/wp-json\/wp\/v2\/tags?post=119442"}],"curies":[{"name":"wp","href":"https:\/\/api.w.org\/{rel}","templated":true}]}}