{"id":119444,"date":"2025-12-29T09:10:11","date_gmt":"2025-12-29T09:10:11","guid":{"rendered":"https:\/\/www.europesays.com\/se\/119444\/"},"modified":"2025-12-29T09:10:11","modified_gmt":"2025-12-29T09:10:11","slug":"detta-vet-vi-om-det-misstanka-mordet-i-salem","status":"publish","type":"post","link":"https:\/\/www.europesays.com\/se\/119444\/","title":{"rendered":"Detta vet vi om det misst\u00e4nka mordet i Salem"},"content":{"rendered":"<p class=\"boxtextgrotesk-root_baa6 hyperion-css-7pajle\">Uppdaterad 10.05 | Publicerad 09.12<\/p>\n<p>share-arrowDela<\/p>\n<p>unsaveSpara<\/p>\n<p>expand-left<\/p>\n<p>helsk\u00e4rm<img decoding=\"async\" class=\"image-asset hyperion-css-u06ts1\" data-test-tag=\"image-asset\" src=\"https:\/\/www.europesays.com\/se\/wp-content\/uploads\/2025\/12\/b78b0fa9-4bd4-48da-8dc5-48b41b4eca37.jpeg\"  alt=\"Polisen sp\u00e4rrade under s\u00f6ndagen av ett stort omr\u00e5de runt ett hus i S\u00f6dert\u00e4lje.\"  loading=\"eager\" fetchpriority=\"high\" style=\"aspect-ratio:1900 \/ 1267\"\/>Polisen sp\u00e4rrade under s\u00f6ndagen av ett stort omr\u00e5de runt ett hus i S\u00f6dert\u00e4lje. Foto: Nils Petter Nilsson\/TT<\/p>\n<p class=\"hyperion-css-1shl3oz\" data-test-tag=\"lead-text\">En kvinna i 25-\u00e5rs\u00e5ldern har hittats d\u00f6d efter en s\u00f6kinsats i Salem, sydv\u00e4st om Stockholm. Tv\u00e5 personer har anh\u00e5llits, en misst\u00e4nkt f\u00f6r mord.<\/p>\n<p class=\"hyperion-css-1shl3oz\" data-test-tag=\"lead-text\">Detta vet vi om h\u00e4ndelsen.<\/p>\n<p class=\"hyperion-css-1v9qo5x\">Polisen tog emot en anm\u00e4lan om en f\u00f6rsvunnen kvinna p\u00e5 annandagen, d\u00e5 hon inte kommit hem under natten. Larmet inkom fr\u00e5n en n\u00e4rst\u00e5ende.<\/p>\n<p class=\"hyperion-css-1v9qo5x\">En omfattande s\u00f6kinsats i R\u00f6nninge och kringliggande omr\u00e5den inleddes under fredagen. Efter att ett antal fynd gjorts kopplat till \u00e4rendet inleddes en f\u00f6runders\u00f6kning g\u00e4llande m\u00e4nniskorov.<\/p>\n<p class=\"hyperion-css-1v9qo5x\">Hundar, fyrhjulingar, helikopter och dr\u00f6nare anv\u00e4ndes i s\u00f6kandet.<\/p>\n<p class=\"hyperion-css-1v9qo5x\">Polisen inledde ocks\u00e5 en s\u00e5 kallad r\u00e4ddningstj\u00e4nst, vilket innebar att civila akt\u00f6rer sattes in i s\u00f6karbetet. Bland annat deltog frivilligorganisationen Search and rescue (SAR).<\/p>\n<p class=\"hyperion-css-1v9qo5x\">P\u00e5 en presstr\u00e4ff under s\u00f6ndagen meddelade polisen att man hittat kvinnan avliden p\u00e5 l\u00f6rdagskv\u00e4llen. Det var i samband med en insats mot en misst\u00e4nkt person som polisen \u00e5terfann kvinnan och brottsrubriceringen \u00e4ndrades d\u00e5 till mord. Var kvinnan hittades vill polisen inte uppge.<\/p>\n<p class=\"hyperion-css-1v9qo5x\">Tv\u00e5 personer har gripits kopplat till \u00e4rendet. De greps vid olika tidpunkter och platser.<\/p>\n<p class=\"hyperion-css-1v9qo5x\">Den ena person \u00e4r anh\u00e5llen p\u00e5 sannolika sk\u00e4l misst\u00e4nkt f\u00f6r mord. Den andra personen \u00e4r anh\u00e5llen som sk\u00e4ligen misst\u00e4nkt, den l\u00e4gre misstankegraden, f\u00f6r m\u00e4nniskorov.<\/p>\n<p class=\"hyperion-css-1v9qo5x\">Enligt Aftonbladet \u00e4r en av personerna k\u00e4nd av polisen sedan tidigare.<\/p>\n<p class=\"hyperion-css-1v9qo5x\">Senast p\u00e5 tisdag klockan 12 m\u00e5ste \u00e5klagaren besluta om de tv\u00e5 misst\u00e4nka personerna ska beg\u00e4ras h\u00e4ktade eller f\u00f6rs\u00e4ttas p\u00e5 fri fot.<\/p>\n<p class=\"hyperion-css-1v9qo5x\">R\u00e4ttad: I en tidigare version framkom en felaktig uppgift om n\u00e4r \u00e5klagare m\u00e5ste fatta beslut om h\u00e4ktning.<\/p>\n","protected":false},"excerpt":{"rendered":"Uppdaterad 10.05 | Publicerad 09.12 share-arrowDela unsaveSpara expand-left helsk\u00e4rmPolisen sp\u00e4rrade under s\u00f6ndagen av ett stort omr\u00e5de runt ett&hellip;\n","protected":false},"author":2,"featured_media":119445,"comment_status":"","ping_status":"","sticky":false,"template":"","format":"standard","meta":{"footnotes":""},"categories":[5],"tags":[22,23,26,27,17,21,24,25,28,29,15,16,18,34,31,33,32,30,19,20],"class_list":{"0":"post-119444","1":"post","2":"type-post","3":"status-publish","4":"format-standard","5":"has-post-thumbnail","7":"category-rubriker","8":"tag-breaking-news","9":"tag-breakingnews","10":"tag-featured-news","11":"tag-featurednews","12":"tag-headlines","13":"tag-huvudnyheter","14":"tag-latest-news","15":"tag-latestnews","16":"tag-main-news","17":"tag-mainnews","18":"tag-news","19":"tag-nyheter","20":"tag-rubriker","21":"tag-se","22":"tag-svenska","23":"tag-sverige","24":"tag-sweden","25":"tag-swedish","26":"tag-top-stories","27":"tag-topstories"},"share_on_mastodon":{"url":"https:\/\/pubeurope.com\/@se\/115802080718855865","error":""},"_links":{"self":[{"href":"https:\/\/www.europesays.com\/se\/wp-json\/wp\/v2\/posts\/119444","targetHints":{"allow":["GET"]}}],"collection":[{"href":"https:\/\/www.europesays.com\/se\/wp-json\/wp\/v2\/posts"}],"about":[{"href":"https:\/\/www.europesays.com\/se\/wp-json\/wp\/v2\/types\/post"}],"author":[{"embeddable":true,"href":"https:\/\/www.europesays.com\/se\/wp-json\/wp\/v2\/users\/2"}],"replies":[{"embeddable":true,"href":"https:\/\/www.europesays.com\/se\/wp-json\/wp\/v2\/comments?post=119444"}],"version-history":[{"count":0,"href":"https:\/\/www.europesays.com\/se\/wp-json\/wp\/v2\/posts\/119444\/revisions"}],"wp:featuredmedia":[{"embeddable":true,"href":"https:\/\/www.europesays.com\/se\/wp-json\/wp\/v2\/media\/119445"}],"wp:attachment":[{"href":"https:\/\/www.europesays.com\/se\/wp-json\/wp\/v2\/media?parent=119444"}],"wp:term":[{"taxonomy":"category","embeddable":true,"href":"https:\/\/www.europesays.com\/se\/wp-json\/wp\/v2\/categories?post=119444"},{"taxonomy":"post_tag","embeddable":true,"href":"https:\/\/www.europesays.com\/se\/wp-json\/wp\/v2\/tags?post=119444"}],"curies":[{"name":"wp","href":"https:\/\/api.w.org\/{rel}","templated":true}]}}