{"id":119452,"date":"2025-12-29T09:16:22","date_gmt":"2025-12-29T09:16:22","guid":{"rendered":"https:\/\/www.europesays.com\/se\/119452\/"},"modified":"2025-12-29T09:16:22","modified_gmt":"2025-12-29T09:16:22","slug":"bondi-anhoriga-kraver-utredning-efter-terrordadet","status":"publish","type":"post","link":"https:\/\/www.europesays.com\/se\/119452\/","title":{"rendered":"Bondi-anh\u00f6riga kr\u00e4ver utredning efter terrord\u00e5det"},"content":{"rendered":"<p>15 personer d\u00f6dades n\u00e4r tv\u00e5 personer, som senare visade sig vara far och son, \u00f6ppnade eld mot ett chanukka-firandet p\u00e5 Bondi Beach i Sydney i Australien den 14 december i \u00e5r.<\/p>\n<p>Nu vill anh\u00f6riga till offren se en nationell oberoende utredning av den \u00f6kade antisemitismen i landet, rapporterar TT och h\u00e4nvisar till australisk media.<\/p>\n<p>Den typen av utredning som det st\u00e4lls krav p\u00e5 kallas f\u00f6r en royal commission, och anh\u00f6riga vill att Australien reder ut den \u201dsnabbt \u00f6kande antisemitismen\u201d sedan Hamas terrorattack 7 oktober 2023 och \u201dbristerna inom brottsbek\u00e4mpning, underr\u00e4ttelseverksamhet och politik\u201d som ledde till terrorattacken i Sydney.<\/p>\n<p>Premi\u00e4rministern har lovat regeringens st\u00f6d<\/p>\n<p>Premi\u00e4rminister Anthony Albanese sade under m\u00e5ndagen lokal tid att landet m\u00e5ste \u201dg\u00e5 vidare med n\u00f6dv\u00e4ndiga f\u00f6r\u00e4ndringar\u201d och inte beh\u00f6va v\u00e4nta i flera \u00e5r p\u00e5 svar. <\/p>\n<p>Han har tidigare utlovat delstaten New South Wales regeringens fulla st\u00f6d f\u00f6r en oberoende utredning, och en annan utredning g\u00e4llande h\u00e4ndelserna p\u00e5 Bondi Beach ska startas.<\/p>\n","protected":false},"excerpt":{"rendered":"15 personer d\u00f6dades n\u00e4r tv\u00e5 personer, som senare visade sig vara far och son, \u00f6ppnade eld mot ett&hellip;\n","protected":false},"author":2,"featured_media":119453,"comment_status":"","ping_status":"","sticky":false,"template":"","format":"standard","meta":{"footnotes":""},"categories":[14],"tags":[22,23,26,27,17,21,24,25,28,29,15,16,18,34,31,33,32,30,19,20,51,52,53,54],"class_list":{"0":"post-119452","1":"post","2":"type-post","3":"status-publish","4":"format-standard","5":"has-post-thumbnail","7":"category-varlden","8":"tag-breaking-news","9":"tag-breakingnews","10":"tag-featured-news","11":"tag-featurednews","12":"tag-headlines","13":"tag-huvudnyheter","14":"tag-latest-news","15":"tag-latestnews","16":"tag-main-news","17":"tag-mainnews","18":"tag-news","19":"tag-nyheter","20":"tag-rubriker","21":"tag-se","22":"tag-svenska","23":"tag-sverige","24":"tag-sweden","25":"tag-swedish","26":"tag-top-stories","27":"tag-topstories","28":"tag-varlden","29":"tag-world","30":"tag-world-news","31":"tag-worldnews"},"share_on_mastodon":{"url":"https:\/\/pubeurope.com\/@se\/115802104331251244","error":""},"_links":{"self":[{"href":"https:\/\/www.europesays.com\/se\/wp-json\/wp\/v2\/posts\/119452","targetHints":{"allow":["GET"]}}],"collection":[{"href":"https:\/\/www.europesays.com\/se\/wp-json\/wp\/v2\/posts"}],"about":[{"href":"https:\/\/www.europesays.com\/se\/wp-json\/wp\/v2\/types\/post"}],"author":[{"embeddable":true,"href":"https:\/\/www.europesays.com\/se\/wp-json\/wp\/v2\/users\/2"}],"replies":[{"embeddable":true,"href":"https:\/\/www.europesays.com\/se\/wp-json\/wp\/v2\/comments?post=119452"}],"version-history":[{"count":0,"href":"https:\/\/www.europesays.com\/se\/wp-json\/wp\/v2\/posts\/119452\/revisions"}],"wp:featuredmedia":[{"embeddable":true,"href":"https:\/\/www.europesays.com\/se\/wp-json\/wp\/v2\/media\/119453"}],"wp:attachment":[{"href":"https:\/\/www.europesays.com\/se\/wp-json\/wp\/v2\/media?parent=119452"}],"wp:term":[{"taxonomy":"category","embeddable":true,"href":"https:\/\/www.europesays.com\/se\/wp-json\/wp\/v2\/categories?post=119452"},{"taxonomy":"post_tag","embeddable":true,"href":"https:\/\/www.europesays.com\/se\/wp-json\/wp\/v2\/tags?post=119452"}],"curies":[{"name":"wp","href":"https:\/\/api.w.org\/{rel}","templated":true}]}}