{"id":119454,"date":"2025-12-29T09:17:14","date_gmt":"2025-12-29T09:17:14","guid":{"rendered":"https:\/\/www.europesays.com\/se\/119454\/"},"modified":"2025-12-29T09:17:14","modified_gmt":"2025-12-29T09:17:14","slug":"s-kan-forlora-valet-strategisk-miss-av-andersson","status":"publish","type":"post","link":"https:\/\/www.europesays.com\/se\/119454\/","title":{"rendered":"S kan f\u00f6rlora valet \u2013 strategisk miss av Andersson"},"content":{"rendered":"<p>Annika Strandh\u00e4ll har ett pronomen-problem. Inte som peak woke n\u00e4r \u00e4ven Linkedin-profiler i k\u00f6nsrevolutionens namn skrev ut om de ville kallas hon, han eller hen. Utan det g\u00e4ller hur den avg\u00e5ende riksdagsledamoten och ordf\u00f6rande f\u00f6r S-kvinnor f\u00f6rh\u00e5ller sig till Socialdemokraterna. <\/p>\n<p>Fr\u00e5gan om hur S ska vinna valet besvaras med det distanserade \u201dde m\u00e5ste\u201d. Tredje person plural. <\/p>\n","protected":false},"excerpt":{"rendered":"Annika Strandh\u00e4ll har ett pronomen-problem. Inte som peak woke n\u00e4r \u00e4ven Linkedin-profiler i k\u00f6nsrevolutionens namn skrev ut om&hellip;\n","protected":false},"author":2,"featured_media":119455,"comment_status":"","ping_status":"","sticky":false,"template":"","format":"standard","meta":{"footnotes":""},"categories":[12],"tags":[22,23,26,27,17,21,24,25,28,29,15,16,18,34,31,33,32,30,19,20],"class_list":{"0":"post-119454","1":"post","2":"type-post","3":"status-publish","4":"format-standard","5":"has-post-thumbnail","7":"category-sverige","8":"tag-breaking-news","9":"tag-breakingnews","10":"tag-featured-news","11":"tag-featurednews","12":"tag-headlines","13":"tag-huvudnyheter","14":"tag-latest-news","15":"tag-latestnews","16":"tag-main-news","17":"tag-mainnews","18":"tag-news","19":"tag-nyheter","20":"tag-rubriker","21":"tag-se","22":"tag-svenska","23":"tag-sverige","24":"tag-sweden","25":"tag-swedish","26":"tag-top-stories","27":"tag-topstories"},"share_on_mastodon":{"url":"https:\/\/pubeurope.com\/@se\/115802108308132867","error":""},"_links":{"self":[{"href":"https:\/\/www.europesays.com\/se\/wp-json\/wp\/v2\/posts\/119454","targetHints":{"allow":["GET"]}}],"collection":[{"href":"https:\/\/www.europesays.com\/se\/wp-json\/wp\/v2\/posts"}],"about":[{"href":"https:\/\/www.europesays.com\/se\/wp-json\/wp\/v2\/types\/post"}],"author":[{"embeddable":true,"href":"https:\/\/www.europesays.com\/se\/wp-json\/wp\/v2\/users\/2"}],"replies":[{"embeddable":true,"href":"https:\/\/www.europesays.com\/se\/wp-json\/wp\/v2\/comments?post=119454"}],"version-history":[{"count":0,"href":"https:\/\/www.europesays.com\/se\/wp-json\/wp\/v2\/posts\/119454\/revisions"}],"wp:featuredmedia":[{"embeddable":true,"href":"https:\/\/www.europesays.com\/se\/wp-json\/wp\/v2\/media\/119455"}],"wp:attachment":[{"href":"https:\/\/www.europesays.com\/se\/wp-json\/wp\/v2\/media?parent=119454"}],"wp:term":[{"taxonomy":"category","embeddable":true,"href":"https:\/\/www.europesays.com\/se\/wp-json\/wp\/v2\/categories?post=119454"},{"taxonomy":"post_tag","embeddable":true,"href":"https:\/\/www.europesays.com\/se\/wp-json\/wp\/v2\/tags?post=119454"}],"curies":[{"name":"wp","href":"https:\/\/api.w.org\/{rel}","templated":true}]}}