{"id":119464,"date":"2025-12-29T09:24:08","date_gmt":"2025-12-29T09:24:08","guid":{"rendered":"https:\/\/www.europesays.com\/se\/119464\/"},"modified":"2025-12-29T09:24:08","modified_gmt":"2025-12-29T09:24:08","slug":"dn-direkt-hjalp-med-reptider-ska-fa-fler-i-mal-i-vasaloppet","status":"publish","type":"post","link":"https:\/\/www.europesays.com\/se\/119464\/","title":{"rendered":"DN Direkt \u2013 Hj\u00e4lp med reptider ska f\u00e5 fler i m\u00e5l i Vasaloppet"},"content":{"rendered":"<p>I g\u00e5r 15:16Uppdaterad I g\u00e5r 19:20<\/p>\n<p>Dela<img decoding=\"async\" class=\"picture__img\" src=\"https:\/\/www.europesays.com\/se\/wp-content\/uploads\/2025\/12\/b4353467-e464-4547-b0be-869e381694c5.jpeg\" loading=\"lazy\"   alt=\"Cornelia \u00d6hlund.\"\/>Cornelia \u00d6hlund. Foto: Igor Kupljenik\/TT<\/p>\n<p>Det var sv\u00e5r\u00e5kt i Semmering. Halva startf\u00e4ltet, rekordm\u00e5nga, k\u00f6rde ur i det f\u00f6rsta \u00e5ket av s\u00f6ndagens slalom. Mikaela Shiffrin hanterade modden b\u00e4st och vann.<\/p>\n<p>Alla fem svenskor lyckades trots f\u00f6ruts\u00e4ttningarna ta sig vidare fr\u00e5n det f\u00f6rsta \u00e5ket.<\/p>\n<p>B\u00e4st lyckades Cornelia \u00d6hlund. 20-\u00e5ringen var b\u00e4sta svenska efter f\u00f6rsta \u00e5ket, p\u00e5 en \u00e5ttondeplats, 1,65 sekunder bakom. Hon f\u00f6ljde upp med ytterligare ett bra \u00e5k och kl\u00e4ttrade till en slutlig sjundeplats (+2,85), s\u00e4songsb\u00e4sta och ett resultat som skulle kunna ge en biljett till OS i Cortina i februari.<\/p>\n<p>Anna Swenn-Larsson (9:a efter f\u00f6rsta \u00e5ket) och Sara Hector (14:e) hade fina andra\u00e5k p\u00e5 g\u00e5ng, men b\u00e5da k\u00f6rde ur. Estelle Alphand slutade 19:e (+6,50) och Hanna Aronsson Elfman 21:a (+7,08).<\/p>\n","protected":false},"excerpt":{"rendered":"I g\u00e5r 15:16Uppdaterad I g\u00e5r 19:20 DelaCornelia \u00d6hlund. Foto: Igor Kupljenik\/TT Det var sv\u00e5r\u00e5kt i Semmering. Halva startf\u00e4ltet,&hellip;\n","protected":false},"author":2,"featured_media":119465,"comment_status":"","ping_status":"","sticky":false,"template":"","format":"standard","meta":{"footnotes":""},"categories":[14],"tags":[22,23,26,27,17,21,24,25,28,29,15,16,18,34,31,33,32,30,19,20,51,52,53,54],"class_list":{"0":"post-119464","1":"post","2":"type-post","3":"status-publish","4":"format-standard","5":"has-post-thumbnail","7":"category-varlden","8":"tag-breaking-news","9":"tag-breakingnews","10":"tag-featured-news","11":"tag-featurednews","12":"tag-headlines","13":"tag-huvudnyheter","14":"tag-latest-news","15":"tag-latestnews","16":"tag-main-news","17":"tag-mainnews","18":"tag-news","19":"tag-nyheter","20":"tag-rubriker","21":"tag-se","22":"tag-svenska","23":"tag-sverige","24":"tag-sweden","25":"tag-swedish","26":"tag-top-stories","27":"tag-topstories","28":"tag-varlden","29":"tag-world","30":"tag-world-news","31":"tag-worldnews"},"share_on_mastodon":{"url":"https:\/\/pubeurope.com\/@se\/115802135797416543","error":""},"_links":{"self":[{"href":"https:\/\/www.europesays.com\/se\/wp-json\/wp\/v2\/posts\/119464","targetHints":{"allow":["GET"]}}],"collection":[{"href":"https:\/\/www.europesays.com\/se\/wp-json\/wp\/v2\/posts"}],"about":[{"href":"https:\/\/www.europesays.com\/se\/wp-json\/wp\/v2\/types\/post"}],"author":[{"embeddable":true,"href":"https:\/\/www.europesays.com\/se\/wp-json\/wp\/v2\/users\/2"}],"replies":[{"embeddable":true,"href":"https:\/\/www.europesays.com\/se\/wp-json\/wp\/v2\/comments?post=119464"}],"version-history":[{"count":0,"href":"https:\/\/www.europesays.com\/se\/wp-json\/wp\/v2\/posts\/119464\/revisions"}],"wp:featuredmedia":[{"embeddable":true,"href":"https:\/\/www.europesays.com\/se\/wp-json\/wp\/v2\/media\/119465"}],"wp:attachment":[{"href":"https:\/\/www.europesays.com\/se\/wp-json\/wp\/v2\/media?parent=119464"}],"wp:term":[{"taxonomy":"category","embeddable":true,"href":"https:\/\/www.europesays.com\/se\/wp-json\/wp\/v2\/categories?post=119464"},{"taxonomy":"post_tag","embeddable":true,"href":"https:\/\/www.europesays.com\/se\/wp-json\/wp\/v2\/tags?post=119464"}],"curies":[{"name":"wp","href":"https:\/\/api.w.org\/{rel}","templated":true}]}}