{"id":119468,"date":"2025-12-29T09:26:13","date_gmt":"2025-12-29T09:26:13","guid":{"rendered":"https:\/\/www.europesays.com\/se\/119468\/"},"modified":"2025-12-29T09:26:13","modified_gmt":"2025-12-29T09:26:13","slug":"arlanda-oppnar-gratis-hundparkering-nyarsafton","status":"publish","type":"post","link":"https:\/\/www.europesays.com\/se\/119468\/","title":{"rendered":"Arlanda \u00f6ppnar gratis hundparkering ny\u00e5rsafton"},"content":{"rendered":"<p>M\u00e5nga av v\u00e5ra fyrbenta v\u00e4nner blir l\u00e4tt skr\u00e4mda p\u00e5 ny\u00e5rsaftonen och beh\u00f6ver n\u00e5gonstans att komma undan fr\u00e5n alla h\u00f6ga ljud fr\u00e5n sm\u00e4llare och raketer.D\u00e4rf\u00f6r \u00f6ppnar Swedavia \u2013 som \u00e4ger Arlanda flygplats \u2013 \u00e5ter upp en av sina l\u00e5ngtidsparkeringar f\u00f6r alla hund\u00e4gare d\u00e4r de kan parkera gratis under ny\u00e5rskv\u00e4llen och den f\u00f6rsta timmen den 1 januari 2026.D\u00e5 det r\u00e5der f\u00f6rbund m<\/p>\n","protected":false},"excerpt":{"rendered":"M\u00e5nga av v\u00e5ra fyrbenta v\u00e4nner blir l\u00e4tt skr\u00e4mda p\u00e5 ny\u00e5rsaftonen och beh\u00f6ver n\u00e5gonstans att komma undan fr\u00e5n alla&hellip;\n","protected":false},"author":2,"featured_media":119469,"comment_status":"","ping_status":"","sticky":false,"template":"","format":"standard","meta":{"footnotes":""},"categories":[5],"tags":[22,23,26,27,17,21,24,25,28,29,15,16,18,34,31,33,32,30,19,20],"class_list":{"0":"post-119468","1":"post","2":"type-post","3":"status-publish","4":"format-standard","5":"has-post-thumbnail","7":"category-rubriker","8":"tag-breaking-news","9":"tag-breakingnews","10":"tag-featured-news","11":"tag-featurednews","12":"tag-headlines","13":"tag-huvudnyheter","14":"tag-latest-news","15":"tag-latestnews","16":"tag-main-news","17":"tag-mainnews","18":"tag-news","19":"tag-nyheter","20":"tag-rubriker","21":"tag-se","22":"tag-svenska","23":"tag-sverige","24":"tag-sweden","25":"tag-swedish","26":"tag-top-stories","27":"tag-topstories"},"share_on_mastodon":{"url":"https:\/\/pubeurope.com\/@se\/115802143655888650","error":""},"_links":{"self":[{"href":"https:\/\/www.europesays.com\/se\/wp-json\/wp\/v2\/posts\/119468","targetHints":{"allow":["GET"]}}],"collection":[{"href":"https:\/\/www.europesays.com\/se\/wp-json\/wp\/v2\/posts"}],"about":[{"href":"https:\/\/www.europesays.com\/se\/wp-json\/wp\/v2\/types\/post"}],"author":[{"embeddable":true,"href":"https:\/\/www.europesays.com\/se\/wp-json\/wp\/v2\/users\/2"}],"replies":[{"embeddable":true,"href":"https:\/\/www.europesays.com\/se\/wp-json\/wp\/v2\/comments?post=119468"}],"version-history":[{"count":0,"href":"https:\/\/www.europesays.com\/se\/wp-json\/wp\/v2\/posts\/119468\/revisions"}],"wp:featuredmedia":[{"embeddable":true,"href":"https:\/\/www.europesays.com\/se\/wp-json\/wp\/v2\/media\/119469"}],"wp:attachment":[{"href":"https:\/\/www.europesays.com\/se\/wp-json\/wp\/v2\/media?parent=119468"}],"wp:term":[{"taxonomy":"category","embeddable":true,"href":"https:\/\/www.europesays.com\/se\/wp-json\/wp\/v2\/categories?post=119468"},{"taxonomy":"post_tag","embeddable":true,"href":"https:\/\/www.europesays.com\/se\/wp-json\/wp\/v2\/tags?post=119468"}],"curies":[{"name":"wp","href":"https:\/\/api.w.org\/{rel}","templated":true}]}}