{"id":119479,"date":"2025-12-29T09:34:10","date_gmt":"2025-12-29T09:34:10","guid":{"rendered":"https:\/\/www.europesays.com\/se\/119479\/"},"modified":"2025-12-29T09:34:10","modified_gmt":"2025-12-29T09:34:10","slug":"sa-blir-nyarsvadret-blast-solsken-och-sno","status":"publish","type":"post","link":"https:\/\/www.europesays.com\/se\/119479\/","title":{"rendered":"S\u00e5 blir ny\u00e5rsv\u00e4dret: Bl\u00e5st, solsken och sn\u00f6"},"content":{"rendered":"<p>share-arrowDela<\/p>\n<p>unsaveSpara<\/p>\n<p>expand-left<\/p>\n<p>helsk\u00e4rm<img decoding=\"async\" class=\"image-asset hyperion-css-u06ts1\" data-test-tag=\"image-asset\" src=\"https:\/\/www.europesays.com\/se\/wp-content\/uploads\/2025\/12\/fe4ba673-a3d3-43f9-91f2-bb8786c1c376.jpeg\"  alt=\"\u00c5rets sista dagar bjuder p\u00e5 kallt v\u00e4der och goda solchanser i hela landet. Arkivbild.\"  loading=\"eager\" fetchpriority=\"high\" style=\"aspect-ratio:1900 \/ 1267\"\/>\u00c5rets sista dagar bjuder p\u00e5 kallt v\u00e4der och goda solchanser i hela landet. Arkivbild. Foto: Vidar Ruud\/NTB\/TT<\/p>\n<p class=\"hyperion-css-1shl3oz\" data-test-tag=\"lead-text\">\u00c5rets sista dagar bjuder p\u00e5 kyla, solsken och bl\u00e5st.<\/p>\n<p class=\"hyperion-css-1shl3oz\" data-test-tag=\"lead-text\">P\u00e5 ny\u00e5rsdagen drar ett l\u00e5gtryck in och ger sn\u00f6fall \u00f6ver stora delar av landet.<\/p>\n<p class=\"hyperion-css-1shl3oz\" data-test-tag=\"lead-text\">\u2013 Det redan h\u00e5rt stormdrabbade G\u00e4vleborg ser ut att f\u00e5 st\u00f6rst m\u00e4ngder, s\u00e4ger Max Lindberg Stoltz p\u00e5 SMHI.<\/p>\n<p class=\"hyperion-css-1v9qo5x\">Stormen Johannes har dragit vidare, men vinden dr\u00f6jer sig kvar. SMHI har utf\u00e4rdat gula kulingvarningar \u00f6ver alla farvatten under m\u00e5ndagen och tisdagen. I norra, mellersta och syd\u00f6stra \u00d6stersj\u00f6n ligger varningen kvar \u00e4ven under ny\u00e5rsafton.<\/p>\n<p class=\"hyperion-css-1v9qo5x\">\u00c5rets sista dagar blir \u00f6verlag klara och soliga med minusgrader \u00f6ver i stort sett hela landet.<\/p>\n<p class=\"hyperion-css-1v9qo5x\">Under natten mot ny\u00e5rsafton passerar ett l\u00e5gtryck som kan ge sn\u00f6 fr\u00e5n V\u00e4sterbotten ner \u00f6ver \u00f6stra Norrland, \u00f6stra Svealand och ostligaste G\u00f6taland. Det verkliga sn\u00f6fallet kommer dock f\u00f6rst n\u00e4r fyrverkerierna tystnat.<\/p>\n<p class=\"hyperion-css-1v9qo5x\">\u2013 Det \u00e4r bara nordligaste delen av landet som inte ser ut att f\u00e5 n\u00e5gon sn\u00f6 p\u00e5 grund av l\u00e5gtrycket som drar in under ny\u00e5rsdagen, s\u00e4ger Max Lindberg Stoltz, vakthavande meteorolog p\u00e5 SMHI.<\/p>\n<p class=\"hyperion-css-1v9qo5x\">G\u00e4vleborgs l\u00e4n, h\u00e5rt drabbat av stormen Johannes, ser ut att f\u00e5 st\u00f6rst sn\u00f6m\u00e4ngder \u2013 uppemot tre decimeter p\u00e5 ny\u00e5rsdagen. \u00c4ven delar av J\u00e4mtland och V\u00e4sternorrland kan f\u00e5 liknande m\u00e4ngder.<\/p>\n<p class=\"hyperion-css-1v9qo5x\">Stockholmsomr\u00e5det, Dalarna, S\u00f6rmland, Uppland, V\u00e4stmanland och norra \u00d6rebro kan f\u00e5 drygt en decimeter sn\u00f6.<\/p>\n<p class=\"hyperion-css-1v9qo5x\">\u2013 Det \u00e4r relativt stora sn\u00f6m\u00e4ngder \u00e4ven d\u00e4r, men tyngdpunkten ser ut att ligga \u00f6ver norra G\u00e4vleborgs l\u00e4n, s\u00e4ger Lindberg Stoltz.<\/p>\n","protected":false},"excerpt":{"rendered":"share-arrowDela unsaveSpara expand-left helsk\u00e4rm\u00c5rets sista dagar bjuder p\u00e5 kallt v\u00e4der och goda solchanser i hela landet. Arkivbild. Foto:&hellip;\n","protected":false},"author":2,"featured_media":119480,"comment_status":"","ping_status":"","sticky":false,"template":"","format":"standard","meta":{"footnotes":""},"categories":[5],"tags":[22,23,26,27,17,21,24,25,28,29,15,16,18,34,31,33,32,30,19,20],"class_list":{"0":"post-119479","1":"post","2":"type-post","3":"status-publish","4":"format-standard","5":"has-post-thumbnail","7":"category-rubriker","8":"tag-breaking-news","9":"tag-breakingnews","10":"tag-featured-news","11":"tag-featurednews","12":"tag-headlines","13":"tag-huvudnyheter","14":"tag-latest-news","15":"tag-latestnews","16":"tag-main-news","17":"tag-mainnews","18":"tag-news","19":"tag-nyheter","20":"tag-rubriker","21":"tag-se","22":"tag-svenska","23":"tag-sverige","24":"tag-sweden","25":"tag-swedish","26":"tag-top-stories","27":"tag-topstories"},"share_on_mastodon":{"url":"https:\/\/pubeurope.com\/@se\/115802175125973628","error":""},"_links":{"self":[{"href":"https:\/\/www.europesays.com\/se\/wp-json\/wp\/v2\/posts\/119479","targetHints":{"allow":["GET"]}}],"collection":[{"href":"https:\/\/www.europesays.com\/se\/wp-json\/wp\/v2\/posts"}],"about":[{"href":"https:\/\/www.europesays.com\/se\/wp-json\/wp\/v2\/types\/post"}],"author":[{"embeddable":true,"href":"https:\/\/www.europesays.com\/se\/wp-json\/wp\/v2\/users\/2"}],"replies":[{"embeddable":true,"href":"https:\/\/www.europesays.com\/se\/wp-json\/wp\/v2\/comments?post=119479"}],"version-history":[{"count":0,"href":"https:\/\/www.europesays.com\/se\/wp-json\/wp\/v2\/posts\/119479\/revisions"}],"wp:featuredmedia":[{"embeddable":true,"href":"https:\/\/www.europesays.com\/se\/wp-json\/wp\/v2\/media\/119480"}],"wp:attachment":[{"href":"https:\/\/www.europesays.com\/se\/wp-json\/wp\/v2\/media?parent=119479"}],"wp:term":[{"taxonomy":"category","embeddable":true,"href":"https:\/\/www.europesays.com\/se\/wp-json\/wp\/v2\/categories?post=119479"},{"taxonomy":"post_tag","embeddable":true,"href":"https:\/\/www.europesays.com\/se\/wp-json\/wp\/v2\/tags?post=119479"}],"curies":[{"name":"wp","href":"https:\/\/api.w.org\/{rel}","templated":true}]}}