{"id":119483,"date":"2025-12-29T09:37:21","date_gmt":"2025-12-29T09:37:21","guid":{"rendered":"https:\/\/www.europesays.com\/se\/119483\/"},"modified":"2025-12-29T09:37:21","modified_gmt":"2025-12-29T09:37:21","slug":"trodde-det-var-influensan-dog","status":"publish","type":"post","link":"https:\/\/www.europesays.com\/se\/119483\/","title":{"rendered":"Trodde det var influensan \u2013 dog"},"content":{"rendered":"<p>Publicerad 29 dec 2025 kl 01.43Uppdaterad kl 02.03<\/p>\n<p>Kieran Shingler, 26, tappade aptiten och hade kraftig huvudv\u00e4rk.<\/p>\n<p>Han och sambon var \u00f6vertygade om att det var influensan.<\/p>\n<p>Men symtomen f\u00f6rsvann inte, och f\u00f6r ett par veckor sedan dog 26-\u00e5ringen.<\/p>\n<p><img   alt=\"\"\/><\/p>\n<p>Kieran Shingler blev 26 \u00e5r gammal.<\/p>\n<p>Foto: privat<\/p>\n<p>\u00d6ppna bild i helsk\u00e4rm<\/p>\n<p>Den 26-\u00e5riga <a href=\"https:\/\/www.expressen.se\/tagg\/location\/liverpool\/\" class=\"\" rel=\"nofollow noopener\" target=\"_blank\">Liverpool<\/a>-killen Kieran Shinglers \u00f6de har varit omskrivet i brittiska medier sedan han insjuknade f\u00f6r n\u00e5gra \u00e5r sedan.<\/p>\n<p>Han och sambon trodde f\u00f6rst det var influensan och Shingler f\u00f6rs\u00f6kte kurera sig.<\/p>\n<p>N\u00e4r symptomen inte f\u00f6rsvann s\u00f6kte han till slut v\u00e5rd, och efter flera unders\u00f6kningar hittade l\u00e4karna en aggressiv hj\u00e4rntum\u00f6r.<\/p>\n<p>\u2013 Dagen n\u00e4r vi fick beskedet satt vi bara och skrek, s\u00e4ger sambon Abbie Henstock till <a href=\"https:\/\/www.liverpoolecho.co.uk\/news\/liverpool-news\/man-26-who-thought-had-33124969\" rel=\"nofollow noopener\" target=\"_blank\">Liverpool Echo<\/a>.<\/p>\n<p>Fick en loge<\/p>\n<p>De operationer och behandlingar 26-\u00e5ringen genomgick verkade f\u00f6rst ge effekt, men sedan v\u00e4xte tum\u00f6ren igen.<\/p>\n<p>\u2013 Han s\u00e5g s\u00e5 pigg ut och vi f\u00f6rs\u00f6kte leva dag f\u00f6r dag och han var alltid s\u00e5 glad \u00e4nd\u00e5, s\u00e4ger hon till tidningen.<\/p>\n<p>Kieran Shingler hann bli ganska offentlig i Liverpool, fick tr\u00e4ffa Premier League-lagets spelare och fick en loge p\u00e5 arenan Anfield under ett derby, precis efter han genomg\u00e5tt en cellgiftsbehandling.<\/p>\n<p>Paret startade ocks\u00e5 en insamling till hj\u00e4rntum\u00f6rforskning och drog in \u00f6ver 300 000 kronor.\u00a0<\/p>\n<p>Den 14 december dog Kieran Shingler. Beskedet har f\u00e5tt stor spridning p\u00e5 sociala medier d\u00e4r m\u00e5nga beklagar bortg\u00e5ngen.<\/p>\n<p>\u2013 Det k\u00e4nns fint att vi kan hj\u00e4lpa andra i m\u00f6rka stunder. Vi visste att det skulle h\u00e4nda, men inte n\u00e4r. Vi fick tv\u00e5 extra \u00e5r med honom. Om n\u00e5gon som just f\u00e5tt diagnos ser hans ber\u00e4ttelse kanske de k\u00e4nner hopp, s\u00e4ger Abbie Henstock till tidningen.<\/p>\n","protected":false},"excerpt":{"rendered":"Publicerad 29 dec 2025 kl 01.43Uppdaterad kl 02.03 Kieran Shingler, 26, tappade aptiten och hade kraftig huvudv\u00e4rk. Han&hellip;\n","protected":false},"author":2,"featured_media":119484,"comment_status":"","ping_status":"","sticky":false,"template":"","format":"standard","meta":{"footnotes":""},"categories":[67],"tags":[104,432,246,34,55,31,33,32,30,427,105],"class_list":{"0":"post-119483","1":"post","2":"type-post","3":"status-publish","4":"format-standard","5":"has-post-thumbnail","7":"category-underhallning","8":"tag-entertainment","9":"tag-location-liverpool","10":"tag-organization-liverpool-fc","11":"tag-se","12":"tag-sections-varlden","13":"tag-svenska","14":"tag-sverige","15":"tag-sweden","16":"tag-swedish","17":"tag-topic-dodsfall","18":"tag-underhallning"},"share_on_mastodon":{"url":"https:\/\/pubeurope.com\/@se\/115802186954032518","error":""},"_links":{"self":[{"href":"https:\/\/www.europesays.com\/se\/wp-json\/wp\/v2\/posts\/119483","targetHints":{"allow":["GET"]}}],"collection":[{"href":"https:\/\/www.europesays.com\/se\/wp-json\/wp\/v2\/posts"}],"about":[{"href":"https:\/\/www.europesays.com\/se\/wp-json\/wp\/v2\/types\/post"}],"author":[{"embeddable":true,"href":"https:\/\/www.europesays.com\/se\/wp-json\/wp\/v2\/users\/2"}],"replies":[{"embeddable":true,"href":"https:\/\/www.europesays.com\/se\/wp-json\/wp\/v2\/comments?post=119483"}],"version-history":[{"count":0,"href":"https:\/\/www.europesays.com\/se\/wp-json\/wp\/v2\/posts\/119483\/revisions"}],"wp:featuredmedia":[{"embeddable":true,"href":"https:\/\/www.europesays.com\/se\/wp-json\/wp\/v2\/media\/119484"}],"wp:attachment":[{"href":"https:\/\/www.europesays.com\/se\/wp-json\/wp\/v2\/media?parent=119483"}],"wp:term":[{"taxonomy":"category","embeddable":true,"href":"https:\/\/www.europesays.com\/se\/wp-json\/wp\/v2\/categories?post=119483"},{"taxonomy":"post_tag","embeddable":true,"href":"https:\/\/www.europesays.com\/se\/wp-json\/wp\/v2\/tags?post=119483"}],"curies":[{"name":"wp","href":"https:\/\/api.w.org\/{rel}","templated":true}]}}