{"id":119485,"date":"2025-12-29T09:39:14","date_gmt":"2025-12-29T09:39:14","guid":{"rendered":"https:\/\/www.europesays.com\/se\/119485\/"},"modified":"2025-12-29T09:39:14","modified_gmt":"2025-12-29T09:39:14","slug":"taket-i-hogkostnadsskyddet-blir-hogre-den-1-januari-2026","status":"publish","type":"post","link":"https:\/\/www.europesays.com\/se\/119485\/","title":{"rendered":"Taket i h\u00f6gkostnadsskyddet blir h\u00f6gre den 1 januari 2026"},"content":{"rendered":"<p>&#13;<br \/>\n&#13;<br \/>\n&#13;<br \/>\n        &#13;<br \/>\n             &#13;<br \/>\n                    &#13;<br \/>\n                        29 december 2025&#13;<br \/>\n                    &#13;\n            <\/p>\n<p class=\"preamble m\">&#13;<br \/>\n                F\u00f6r dig som har p\u00e5b\u00f6rjat din h\u00f6gkostnadsperiod f\u00f6r l\u00e4kemedel innan den 1 juli 2025, h\u00f6js taket fr\u00e5n 2 900 kronor till 2 950 kronor. Det g\u00e4ller fr\u00e5n den 1 januari 2026.&#13;\n            <\/p>\n<p>                    <img decoding=\"async\" src=\"https:\/\/www.europesays.com\/se\/wp-content\/uploads\/2025\/12\/apotek-21.jpg\" loading=\"lazy\" alt=\"\"  width=\"1408\" height=\"939\"\/><\/p>\n<p>Efter h\u00f6jningen den 1 januari 2026 betalar du som startade din h\u00f6gkostnadsperiod innan den 1 juli 2025 h\u00f6gst 2 950 kronor under perioden. Utan rabatt motsvarar det en sammanlagd l\u00e4kemedelskostnad p\u00e5 minst 7 240 kronor.<\/p>\n<p>Du betalar sj\u00e4lv hela kostnaden f\u00f6r dina l\u00e4kemedel upp till 1 475 kronor. D\u00e4refter f\u00e5r du ett rabatterat pris.<\/p>\n<p>        <img decoding=\"async\" src=\"https:\/\/www.europesays.com\/se\/wp-content\/uploads\/2025\/12\/hogkostnadstrappa-januari-2026.png\" loading=\"lazy\" alt=\"\"\/><\/p>\n<p>I tj\u00e4nsten L\u00e4kemedelskollen kan du logga in med e-legitimation och se din h\u00f6gkostnadsinformation. Du kan ocks\u00e5 f\u00e5 din h\u00f6gkostnadsinformation via apotekens webbplatser eller fr\u00e5ga apoteket vid ditt n\u00e4sta bes\u00f6k.<\/p>\n<p>H\u00f6gkostnadsperiod startad efter den 1 juli 2025<\/p>\n<p>Startade du din h\u00f6gkostnadsperiod den 1 juli 2025 eller senare, p\u00e5verkas du inte av h\u00f6jningen den 1 januari 2026. Maxtaket blir fortsatt 3\u00a0800 kronor innan du n\u00e5r frikort f\u00f6r l\u00e4kemedel.<\/p>\n<p>&#13;<br \/>\n        Senast uppdaterad:&#13;<br \/>\n        29 december 2025&#13;\n    <\/p>\n","protected":false},"excerpt":{"rendered":"&#13; &#13; &#13; &#13; &#13; &#13; 29 december 2025&#13; &#13; &#13; F\u00f6r dig som har p\u00e5b\u00f6rjat din h\u00f6gkostnadsperiod&hellip;\n","protected":false},"author":2,"featured_media":119486,"comment_status":"","ping_status":"","sticky":false,"template":"","format":"standard","meta":{"footnotes":""},"categories":[65],"tags":[72,70,71,34,31,33,32,30],"class_list":{"0":"post-119485","1":"post","2":"type-post","3":"status-publish","4":"format-standard","5":"has-post-thumbnail","7":"category-ekonomi","8":"tag-business","9":"tag-economy","10":"tag-ekonomi","11":"tag-se","12":"tag-svenska","13":"tag-sverige","14":"tag-sweden","15":"tag-swedish"},"share_on_mastodon":{"url":"https:\/\/pubeurope.com\/@se\/115802194856017855","error":""},"_links":{"self":[{"href":"https:\/\/www.europesays.com\/se\/wp-json\/wp\/v2\/posts\/119485","targetHints":{"allow":["GET"]}}],"collection":[{"href":"https:\/\/www.europesays.com\/se\/wp-json\/wp\/v2\/posts"}],"about":[{"href":"https:\/\/www.europesays.com\/se\/wp-json\/wp\/v2\/types\/post"}],"author":[{"embeddable":true,"href":"https:\/\/www.europesays.com\/se\/wp-json\/wp\/v2\/users\/2"}],"replies":[{"embeddable":true,"href":"https:\/\/www.europesays.com\/se\/wp-json\/wp\/v2\/comments?post=119485"}],"version-history":[{"count":0,"href":"https:\/\/www.europesays.com\/se\/wp-json\/wp\/v2\/posts\/119485\/revisions"}],"wp:featuredmedia":[{"embeddable":true,"href":"https:\/\/www.europesays.com\/se\/wp-json\/wp\/v2\/media\/119486"}],"wp:attachment":[{"href":"https:\/\/www.europesays.com\/se\/wp-json\/wp\/v2\/media?parent=119485"}],"wp:term":[{"taxonomy":"category","embeddable":true,"href":"https:\/\/www.europesays.com\/se\/wp-json\/wp\/v2\/categories?post=119485"},{"taxonomy":"post_tag","embeddable":true,"href":"https:\/\/www.europesays.com\/se\/wp-json\/wp\/v2\/tags?post=119485"}],"curies":[{"name":"wp","href":"https:\/\/api.w.org\/{rel}","templated":true}]}}