{"id":119496,"date":"2025-12-29T09:48:06","date_gmt":"2025-12-29T09:48:06","guid":{"rendered":"https:\/\/www.europesays.com\/se\/119496\/"},"modified":"2025-12-29T09:48:06","modified_gmt":"2025-12-29T09:48:06","slug":"google-kan-snart-lata-anvandare-andra-sin-gmail-adress","status":"publish","type":"post","link":"https:\/\/www.europesays.com\/se\/119496\/","title":{"rendered":"Google kan snart l\u00e5ta anv\u00e4ndare \u00e4ndra sin Gmail-adress"},"content":{"rendered":"<p>Google kan vara p\u00e5 v\u00e4g att l\u00e5ta anv\u00e4ndare \u00e4ndra sin Gmail-adress. Enligt Telegram-gruppen Google Pixel Hub, via <a href=\"https:\/\/9to5google.com\/2025\/12\/24\/google-change-gmail-addresses\/\" rel=\"nofollow noopener\" target=\"_blank\">9to5Google<\/a>, framg\u00e5r det av en hindi-version av Gmails supportsida att funktionen \u201crullas ut gradvis till alla anv\u00e4ndare\u201d.<\/p>\n<p>Funktionen ska g\u00f6ra det m\u00f6jligt att \u00e4ndra sin nuvarande Gmail-adress till en ny adress som ocks\u00e5 slutar p\u00e5 @gmail.com, utan att f\u00f6rlora tillg\u00e5ng till tidigare mejl eller filer.<\/p>\n<p>Den gamla adressen kommer att forts\u00e4tta fungera som ett alias, och anv\u00e4ndaren ska kunna logga in med b\u00e5da adresserna. D\u00e4remot kommer det inte vara m\u00f6jligt att skapa ytterligare nya Gmail-adresser kopplade till samma konto under de f\u00f6ljande tolv m\u00e5naderna.<\/p>\n","protected":false},"excerpt":{"rendered":"Google kan vara p\u00e5 v\u00e4g att l\u00e5ta anv\u00e4ndare \u00e4ndra sin Gmail-adress. Enligt Telegram-gruppen Google Pixel Hub, via 9to5Google,&hellip;\n","protected":false},"author":2,"featured_media":119497,"comment_status":"","ping_status":"","sticky":false,"template":"","format":"standard","meta":{"footnotes":""},"categories":[65],"tags":[72,70,71,34,31,33,32,30],"class_list":{"0":"post-119496","1":"post","2":"type-post","3":"status-publish","4":"format-standard","5":"has-post-thumbnail","7":"category-ekonomi","8":"tag-business","9":"tag-economy","10":"tag-ekonomi","11":"tag-se","12":"tag-svenska","13":"tag-sverige","14":"tag-sweden","15":"tag-swedish"},"share_on_mastodon":{"url":"https:\/\/pubeurope.com\/@se\/115802230264563880","error":""},"_links":{"self":[{"href":"https:\/\/www.europesays.com\/se\/wp-json\/wp\/v2\/posts\/119496","targetHints":{"allow":["GET"]}}],"collection":[{"href":"https:\/\/www.europesays.com\/se\/wp-json\/wp\/v2\/posts"}],"about":[{"href":"https:\/\/www.europesays.com\/se\/wp-json\/wp\/v2\/types\/post"}],"author":[{"embeddable":true,"href":"https:\/\/www.europesays.com\/se\/wp-json\/wp\/v2\/users\/2"}],"replies":[{"embeddable":true,"href":"https:\/\/www.europesays.com\/se\/wp-json\/wp\/v2\/comments?post=119496"}],"version-history":[{"count":0,"href":"https:\/\/www.europesays.com\/se\/wp-json\/wp\/v2\/posts\/119496\/revisions"}],"wp:featuredmedia":[{"embeddable":true,"href":"https:\/\/www.europesays.com\/se\/wp-json\/wp\/v2\/media\/119497"}],"wp:attachment":[{"href":"https:\/\/www.europesays.com\/se\/wp-json\/wp\/v2\/media?parent=119496"}],"wp:term":[{"taxonomy":"category","embeddable":true,"href":"https:\/\/www.europesays.com\/se\/wp-json\/wp\/v2\/categories?post=119496"},{"taxonomy":"post_tag","embeddable":true,"href":"https:\/\/www.europesays.com\/se\/wp-json\/wp\/v2\/tags?post=119496"}],"curies":[{"name":"wp","href":"https:\/\/api.w.org\/{rel}","templated":true}]}}