{"id":119498,"date":"2025-12-29T09:49:24","date_gmt":"2025-12-29T09:49:24","guid":{"rendered":"https:\/\/www.europesays.com\/se\/119498\/"},"modified":"2025-12-29T09:49:24","modified_gmt":"2025-12-29T09:49:24","slug":"mor-och-dotter-dog-av-maten-pa-julbordet","status":"publish","type":"post","link":"https:\/\/www.europesays.com\/se\/119498\/","title":{"rendered":"Mor och dotter dog av maten p\u00e5 julbordet"},"content":{"rendered":"<p>Publicerad 29 dec 2025 kl 04.33<\/p>\n<p>Hela familjen sjuknade in efter julmiddagen.<\/p>\n<p>Nu har mor och dotter d\u00f6tt och pappan v\u00e5rdas.<\/p>\n<p>Vad som drabbat den italienska familjen \u00e4r fortfarande oklart.<\/p>\n<p><img   alt=\"\"\/><\/p>\n<p>Antonella Di Vita avled hastigt.<\/p>\n<p>Foto: privat<\/p>\n<p>\u00d6ppna bild i helsk\u00e4rm<\/p>\n<p>Paret Antonella och Gianni Di Vita \u00e5t tillsammans med sin 15-\u00e5riga dotter Sara middag p\u00e5 julafton.<\/p>\n<p>Timmar efter att de \u00e4tit b\u00f6rjade alla tre m\u00e5 d\u00e5ligt och s\u00f6kte v\u00e5rd.\u00a0<\/p>\n<p>Familjen skickades hem tv\u00e5 g\u00e5nger innan symptomen p\u00e5 s\u00f6ndagskv\u00e4llen snabbt blev mycket v\u00e4rre och de fick l\u00e4ggas in p\u00e5 intensivv\u00e5rdsavdelningen.<\/p>\n<p>Under kv\u00e4llen avled b\u00e5de dottern och mamman. Chefen f\u00f6r avdelningen s\u00e4ger till <a href=\"https:\/\/www.ragusanews.com\/morte-per-unintossicazione-alimentare-a-campobasso-chi-sono-antonella-di-ielsi-e-la-figlia-sara-di-vita-il-marito-commercialista-ricoverato\/\" rel=\"nofollow noopener\" target=\"_blank\">Ragusa<\/a> att tillst\u00e5ndet f\u00f6r de b\u00e5da f\u00f6rs\u00e4mrades extremt snabbt.<\/p>\n<p>Pappan har nu f\u00f6rts till Spallanzani-sjukhuset i <a href=\"https:\/\/www.expressen.se\/tagg\/location\/rom\/\" class=\"\" rel=\"nofollow noopener\" target=\"_blank\">Rom<\/a> d\u00e4r han fortfarande v\u00e5rdas.<\/p>\n<p>\u201dHelt chockade\u201d<\/p>\n<p>Vad som orsakat d\u00f6dsfallen \u00e4r fortfarande ett mysterium som utreds, men misstanken \u00e4r n\u00e5gon form av matf\u00f6rgiftning, skriver Ragusa.\u00a0<\/p>\n<p>M\u00e5ltiden bestod av fisk och skaldjur, bland annat musslor.<\/p>\n<p>D\u00f6dsfallen har skakat om den lilla byn Pietracatella d\u00e4r familjen bor.<\/p>\n<p>\u2013 Vi \u00e4r helt chockade. Hela samh\u00e4llet \u00e4r i en chock efter en s\u00e5dan h\u00e4r tragedi, s\u00e4ger kommunens borgm\u00e4stare Antonio Tommasone.<\/p>\n<p>F\u00f6r att hedra de d\u00f6da har kommunen st\u00e4llt in alla julaktiviteter och m\u00e5nga har tagit sig till sjukhuset i Campobasso f\u00f6r att visa sitt st\u00f6d.<\/p>\n<p>\u00c4ven familjens 18-\u00e5riga dotter har av f\u00f6rsiktighetssk\u00e4l f\u00f6rts till sjukhus, \u00e4ven om hon inte \u00e5t av den misst\u00e4nkta maten. Hon har inte heller uppvisat n\u00e5gra symtom.<\/p>\n","protected":false},"excerpt":{"rendered":"Publicerad 29 dec 2025 kl 04.33 Hela familjen sjuknade in efter julmiddagen. Nu har mor och dotter d\u00f6tt&hellip;\n","protected":false},"author":2,"featured_media":119499,"comment_status":"","ping_status":"","sticky":false,"template":"","format":"standard","meta":{"footnotes":""},"categories":[14],"tags":[22,23,26,27,17,21,24,25,1309,12759,28,29,15,16,18,34,55,31,33,32,30,19,427,20,51,52,53,54],"class_list":{"0":"post-119498","1":"post","2":"type-post","3":"status-publish","4":"format-standard","5":"has-post-thumbnail","7":"category-varlden","8":"tag-breaking-news","9":"tag-breakingnews","10":"tag-featured-news","11":"tag-featurednews","12":"tag-headlines","13":"tag-huvudnyheter","14":"tag-latest-news","15":"tag-latestnews","16":"tag-location-italien","17":"tag-location-rom","18":"tag-main-news","19":"tag-mainnews","20":"tag-news","21":"tag-nyheter","22":"tag-rubriker","23":"tag-se","24":"tag-sections-varlden","25":"tag-svenska","26":"tag-sverige","27":"tag-sweden","28":"tag-swedish","29":"tag-top-stories","30":"tag-topic-dodsfall","31":"tag-topstories","32":"tag-varlden","33":"tag-world","34":"tag-world-news","35":"tag-worldnews"},"share_on_mastodon":{"url":"https:\/\/pubeurope.com\/@se\/115802234177202520","error":""},"_links":{"self":[{"href":"https:\/\/www.europesays.com\/se\/wp-json\/wp\/v2\/posts\/119498","targetHints":{"allow":["GET"]}}],"collection":[{"href":"https:\/\/www.europesays.com\/se\/wp-json\/wp\/v2\/posts"}],"about":[{"href":"https:\/\/www.europesays.com\/se\/wp-json\/wp\/v2\/types\/post"}],"author":[{"embeddable":true,"href":"https:\/\/www.europesays.com\/se\/wp-json\/wp\/v2\/users\/2"}],"replies":[{"embeddable":true,"href":"https:\/\/www.europesays.com\/se\/wp-json\/wp\/v2\/comments?post=119498"}],"version-history":[{"count":0,"href":"https:\/\/www.europesays.com\/se\/wp-json\/wp\/v2\/posts\/119498\/revisions"}],"wp:featuredmedia":[{"embeddable":true,"href":"https:\/\/www.europesays.com\/se\/wp-json\/wp\/v2\/media\/119499"}],"wp:attachment":[{"href":"https:\/\/www.europesays.com\/se\/wp-json\/wp\/v2\/media?parent=119498"}],"wp:term":[{"taxonomy":"category","embeddable":true,"href":"https:\/\/www.europesays.com\/se\/wp-json\/wp\/v2\/categories?post=119498"},{"taxonomy":"post_tag","embeddable":true,"href":"https:\/\/www.europesays.com\/se\/wp-json\/wp\/v2\/tags?post=119498"}],"curies":[{"name":"wp","href":"https:\/\/api.w.org\/{rel}","templated":true}]}}