{"id":119510,"date":"2025-12-29T09:57:28","date_gmt":"2025-12-29T09:57:28","guid":{"rendered":"https:\/\/www.europesays.com\/se\/119510\/"},"modified":"2025-12-29T09:57:28","modified_gmt":"2025-12-29T09:57:28","slug":"ai-chattbotar-kopplas-samman-med-psykoser","status":"publish","type":"post","link":"https:\/\/www.europesays.com\/se\/119510\/","title":{"rendered":"AI-chattbotar kopplas samman med psykoser"},"content":{"rendered":"<p>AI-chattbotar som Chat GPT kan f\u00f6rv\u00e4rra psykostillst\u00e5nd, uppger flera ledande psykiatriker i USA enligt Wall Street Journal.<\/p>\n<p>De senaste nio m\u00e5naderna har de granskat tiotals fall d\u00e4r patienter uppvisat symptom p\u00e5 psykos efter l\u00e5nga, vanf\u00f6rest\u00e4llningsfyllda samtal med chattbotar.<\/p>\n<p>En av dem \u00e4r Keith Sakata vid University of California, som behandlat tolv s\u00e5dana patienter i slutenv\u00e5rden och tre i \u00f6ppenv\u00e5rden.<\/p>\n<p>\u2013 Teknologin kanske inte ger upphov till vanf\u00f6rest\u00e4llningarna, men patienterna ber\u00e4ttar f\u00f6r datorn att det \u00e4r deras verklighet varp\u00e5 den accepterar och spinner vidare p\u00e5 det. D\u00e4rmed blir den medskyldig, s\u00e4ger han.<\/p>\n<p>Omni \u00e4r politiskt obundna och oberoende. Vi str\u00e4var efter att ge fler perspektiv p\u00e5 nyheterna. Har du fr\u00e5gor eller synpunkter kring v\u00e5r rapportering? <a href=\"https:\/\/omni.se\/ai-chattbotar-kopplas-samman-med-psykoser\/a\/mailto:redaktion@omni.se\" class=\"ArticleActions_contactLink__W2F1M\" rel=\"nofollow noopener\" target=\"_blank\">Kontakta redaktionen<\/a><\/p>\n","protected":false},"excerpt":{"rendered":"AI-chattbotar som Chat GPT kan f\u00f6rv\u00e4rra psykostillst\u00e5nd, uppger flera ledande psykiatriker i USA enligt Wall Street Journal. De&hellip;\n","protected":false},"author":2,"featured_media":119511,"comment_status":"","ping_status":"","sticky":false,"template":"","format":"standard","meta":{"footnotes":""},"categories":[14],"tags":[466,22,23,26,27,17,21,24,25,28,29,15,16,18,34,31,33,32,30,19,20,330,51,52,53,54],"class_list":{"0":"post-119510","1":"post","2":"type-post","3":"status-publish","4":"format-standard","5":"has-post-thumbnail","7":"category-varlden","8":"tag-artificiell-intelligens","9":"tag-breaking-news","10":"tag-breakingnews","11":"tag-featured-news","12":"tag-featurednews","13":"tag-headlines","14":"tag-huvudnyheter","15":"tag-latest-news","16":"tag-latestnews","17":"tag-main-news","18":"tag-mainnews","19":"tag-news","20":"tag-nyheter","21":"tag-rubriker","22":"tag-se","23":"tag-svenska","24":"tag-sverige","25":"tag-sweden","26":"tag-swedish","27":"tag-top-stories","28":"tag-topstories","29":"tag-vard-omsorg","30":"tag-varlden","31":"tag-world","32":"tag-world-news","33":"tag-worldnews"},"share_on_mastodon":{"url":"https:\/\/pubeurope.com\/@se\/115802265613098770","error":""},"_links":{"self":[{"href":"https:\/\/www.europesays.com\/se\/wp-json\/wp\/v2\/posts\/119510","targetHints":{"allow":["GET"]}}],"collection":[{"href":"https:\/\/www.europesays.com\/se\/wp-json\/wp\/v2\/posts"}],"about":[{"href":"https:\/\/www.europesays.com\/se\/wp-json\/wp\/v2\/types\/post"}],"author":[{"embeddable":true,"href":"https:\/\/www.europesays.com\/se\/wp-json\/wp\/v2\/users\/2"}],"replies":[{"embeddable":true,"href":"https:\/\/www.europesays.com\/se\/wp-json\/wp\/v2\/comments?post=119510"}],"version-history":[{"count":0,"href":"https:\/\/www.europesays.com\/se\/wp-json\/wp\/v2\/posts\/119510\/revisions"}],"wp:featuredmedia":[{"embeddable":true,"href":"https:\/\/www.europesays.com\/se\/wp-json\/wp\/v2\/media\/119511"}],"wp:attachment":[{"href":"https:\/\/www.europesays.com\/se\/wp-json\/wp\/v2\/media?parent=119510"}],"wp:term":[{"taxonomy":"category","embeddable":true,"href":"https:\/\/www.europesays.com\/se\/wp-json\/wp\/v2\/categories?post=119510"},{"taxonomy":"post_tag","embeddable":true,"href":"https:\/\/www.europesays.com\/se\/wp-json\/wp\/v2\/tags?post=119510"}],"curies":[{"name":"wp","href":"https:\/\/api.w.org\/{rel}","templated":true}]}}