{"id":119512,"date":"2025-12-29T09:58:07","date_gmt":"2025-12-29T09:58:07","guid":{"rendered":"https:\/\/www.europesays.com\/se\/119512\/"},"modified":"2025-12-29T09:58:07","modified_gmt":"2025-12-29T09:58:07","slug":"smhi-inte-det-basta-fyrverkerivadret","status":"publish","type":"post","link":"https:\/\/www.europesays.com\/se\/119512\/","title":{"rendered":"SMHI: \u201dInte det b\u00e4sta fyrverkeriv\u00e4dret\u201d"},"content":{"rendered":"<p class=\"text\">Efter helgens storm Johannes ser b\u00e5de kylan och bl\u00e5sten ut att h\u00e5lla greppet om huvudstaden. Dagarna fram till ny\u00e5rsafton domineras av kall luft.<\/p>\n<p class=\"text\">Sj\u00e4lva ny\u00e5rsafton bjuder p\u00e5 moln och tidvis l\u00e4tt sn\u00f6fall, enligt SMHI:s meteorolog Henrik Reimer.<\/p>\n<p class=\"text\">\u2013 Man ska vara beredd p\u00e5 molnigt v\u00e4der och att det kan komma lite sn\u00f6 under ny\u00e5rsafton, s\u00e4ger han.<\/p>\n<p class=\"text\">Sn\u00f6n v\u00e4ntas fr\u00e4mst falla under dagen. Mot eftermiddagen och kv\u00e4llen kan det bli ett tillf\u00e4lligt uppeh\u00e5ll \u2013 kanske till och med n\u00e5gra sprickor i molnt\u00e4cket. Men n\u00e5gon l\u00e5ngvarig paus blir det inte.<\/p>\n<p class=\"text\">\u2013 Under natten till ny\u00e5rsdagen drar ett nytt l\u00e5gtryck in med b\u00e5de bl\u00e5st och sn\u00f6fall, ungef\u00e4r kring tolvslaget och fram\u00e5t, s\u00e4ger Henrik Reimer.<\/p>\n<p>Os\u00e4kert fyrverkeriv\u00e4der<\/p>\n<p class=\"text\">F\u00f6r den som planerar att blicka upp mot himlen vid midnatt finns \u00e4nd\u00e5 ett visst hopp.<\/p>\n<p class=\"text\">\u2013\u00a0Det \u00e4r inte det b\u00e4sta fyrverkeriv\u00e4dret, men heller inte det s\u00e4msta. Det blir varken helt klart eller helt igendimmat, s\u00e4ger han.<\/p>\n<p class=\"citat\">Inte det b\u00e4sta fyrverkeriv\u00e4dret.<\/p>\n<p class=\"text\">D\u00e4remot g\u00e4ller det att kl\u00e4 sig varmt. Temperaturen v\u00e4ntas ligga runt fem minusgrader n\u00e4r det nya \u00e5ret tar sin b\u00f6rjan.<\/p>\n<p>Ny\u00e5ret forts\u00e4tter i bl\u00e5st<\/p>\n<p class=\"text\">Ny\u00e5rsdagen bjuder sedan p\u00e5 vad Henrik Reimer beskriver som ett \u201dsm\u00e5st\u00f6kigt\u201d v\u00e4der. <\/p>\n<p class=\"text\">Det v\u00e4ntas tilltagande sydostliga vindar, h\u00e5rda byar och sn\u00f6 som kan \u00f6verg\u00e5 i sn\u00f6blandat regn.<\/p>\n<p class=\"text\">\u2013 Det kommer inte vara trevligt v\u00e4der.<\/p>\n","protected":false},"excerpt":{"rendered":"Efter helgens storm Johannes ser b\u00e5de kylan och bl\u00e5sten ut att h\u00e5lla greppet om huvudstaden. Dagarna fram till&hellip;\n","protected":false},"author":2,"featured_media":119513,"comment_status":"","ping_status":"","sticky":false,"template":"","format":"standard","meta":{"footnotes":""},"categories":[12],"tags":[22,23,26,27,17,21,24,25,28,29,15,16,18,34,31,33,32,30,19,20],"class_list":{"0":"post-119512","1":"post","2":"type-post","3":"status-publish","4":"format-standard","5":"has-post-thumbnail","7":"category-sverige","8":"tag-breaking-news","9":"tag-breakingnews","10":"tag-featured-news","11":"tag-featurednews","12":"tag-headlines","13":"tag-huvudnyheter","14":"tag-latest-news","15":"tag-latestnews","16":"tag-main-news","17":"tag-mainnews","18":"tag-news","19":"tag-nyheter","20":"tag-rubriker","21":"tag-se","22":"tag-svenska","23":"tag-sverige","24":"tag-sweden","25":"tag-swedish","26":"tag-top-stories","27":"tag-topstories"},"share_on_mastodon":{"url":"https:\/\/pubeurope.com\/@se\/115802269495660003","error":""},"_links":{"self":[{"href":"https:\/\/www.europesays.com\/se\/wp-json\/wp\/v2\/posts\/119512","targetHints":{"allow":["GET"]}}],"collection":[{"href":"https:\/\/www.europesays.com\/se\/wp-json\/wp\/v2\/posts"}],"about":[{"href":"https:\/\/www.europesays.com\/se\/wp-json\/wp\/v2\/types\/post"}],"author":[{"embeddable":true,"href":"https:\/\/www.europesays.com\/se\/wp-json\/wp\/v2\/users\/2"}],"replies":[{"embeddable":true,"href":"https:\/\/www.europesays.com\/se\/wp-json\/wp\/v2\/comments?post=119512"}],"version-history":[{"count":0,"href":"https:\/\/www.europesays.com\/se\/wp-json\/wp\/v2\/posts\/119512\/revisions"}],"wp:featuredmedia":[{"embeddable":true,"href":"https:\/\/www.europesays.com\/se\/wp-json\/wp\/v2\/media\/119513"}],"wp:attachment":[{"href":"https:\/\/www.europesays.com\/se\/wp-json\/wp\/v2\/media?parent=119512"}],"wp:term":[{"taxonomy":"category","embeddable":true,"href":"https:\/\/www.europesays.com\/se\/wp-json\/wp\/v2\/categories?post=119512"},{"taxonomy":"post_tag","embeddable":true,"href":"https:\/\/www.europesays.com\/se\/wp-json\/wp\/v2\/tags?post=119512"}],"curies":[{"name":"wp","href":"https:\/\/api.w.org\/{rel}","templated":true}]}}