{"id":119514,"date":"2025-12-29T09:59:12","date_gmt":"2025-12-29T09:59:12","guid":{"rendered":"https:\/\/www.europesays.com\/se\/119514\/"},"modified":"2025-12-29T09:59:12","modified_gmt":"2025-12-29T09:59:12","slug":"hundratals-hundar-far-raketfritt-nyar-pa-hotell","status":"publish","type":"post","link":"https:\/\/www.europesays.com\/se\/119514\/","title":{"rendered":"Hundratals hundar f\u00e5r raketfritt ny\u00e5r \u2013 p\u00e5 hotell"},"content":{"rendered":"<p>share-arrowDela<\/p>\n<p>unsaveSpara<\/p>\n<p>chevron-leftf\u00f6reg\u00e5endechevron-rightn\u00e4staFler och fler checkar in med sina skottr\u00e4dda hundar p\u00e5 flygplatshotell \u00f6ver ny\u00e5r, f\u00f6r ett firande helt utan fyrverkerier.<\/p>\n<p>1 \/ 3Foto: Adam Ihse\/TT<\/p>\n<p class=\"hyperion-css-1shl3oz\" data-test-tag=\"lead-text\">Inom bara n\u00e5gra timmar fr\u00e5n att rummen sl\u00e4pps \u00e4r de mer eller mindre fullbokade. Allt fler vill fira ett raketfritt ny\u00e5r med sina skottr\u00e4dda hundar \u2013 och g\u00f6r det genom att checka in p\u00e5 ett flygplatshotell.<\/p>\n<p class=\"hyperion-css-1shl3oz\" data-test-tag=\"lead-text\">\u2013 Intresset har \u00f6kat lavinartat, s\u00e4ger Mirja Braun, hotelldirekt\u00f6r p\u00e5 Clarion Arlanda.<\/p>\n<p class=\"hyperion-css-1v9qo5x\">Det r\u00e5der fyrverkerif\u00f6rbud inom en mils radie fr\u00e5n flygplatser i Sverige, vilket p\u00e5 senare \u00e5r f\u00f6rvandlat dem till en fristad f\u00f6r fyrbenta familjemedlemmar under ny\u00e5rsafton. B\u00e5de Arlanda och Landvetter erbjuder gratis parkering f\u00f6r hund\u00e4gare p\u00e5 sina l\u00e5ngtidsparkeringar under festkv\u00e4llen \u2013 och m\u00e5nga v\u00e4ljer att tillbringa hela natten p\u00e5 ett flygplatshotell.<\/p>\n<p class=\"hyperion-css-1v9qo5x\">Redan i februari, bara timmar efter att bokningen \u00f6ppnades, var n\u00e4stan alla hundrum p\u00e5 Clarion Arlanda fullbokade.<\/p>\n<p class=\"hyperion-css-1v9qo5x\">\u2013 I \u00e5r, med v\u00e5ra 250 hundrum, v\u00e4ntar vi oss runt 300 hundar och tv\u00e5 katter. Men andra \u00e5r har vi v\u00e4lkomnat b\u00e5de en papegoja och en igelkott ocks\u00e5, s\u00e4ger Mirja Braun.<\/p>\n<p>\u201dOtroligt r\u00e4dda\u201d<\/p>\n<p class=\"hyperion-css-1v9qo5x\">Bara ett stenkast d\u00e4rifr\u00e5n, p\u00e5 systerhotellet Clarion Comfort, finns ytterligare 250 fullbokade hundrum. Och m\u00e5nga hund\u00e4gare \u00e4r tacksamma f\u00f6r m\u00f6jligheten att fira fyrverkerifritt.<\/p>\n<p class=\"hyperion-css-1v9qo5x\">\u2013 M\u00e5nga ber\u00e4ttar att de, innan de hade m\u00f6jlighet att komma hit, varit med om att deras hundar varit s\u00e5 otroligt r\u00e4dda och bara legat och skakat i deras kn\u00e4 av stress, s\u00e4ger Mirja Braun.<\/p>\n<p class=\"hyperion-css-1v9qo5x\">Fenomenet med hundny\u00e5r v\u00e4xer \u00e5r f\u00f6r \u00e5r och erbjuds p\u00e5 en rad hotell runt om i Sverige. P\u00e5 Scandics hotell vid Landvetter i G\u00f6teborg har det anordnats varje \u00e5r sedan hotellet \u00f6ppnade 2021.<\/p>\n<p class=\"hyperion-css-1v9qo5x\">\u2013 Intresset \u00e4r stort, vi \u00e4r n\u00e4stintill fullbokade. Det \u00e4r m\u00e5nga \u00e5terkommande g\u00e4ster som bokar in sig f\u00f6r \u00e5ret efter redan n\u00e4r de l\u00e4mnar p\u00e5 ny\u00e5rsdagen, s\u00e4ger hotelldirekt\u00f6ren Martin Blideskog.<\/p>\n<p>Rullar ut r\u00f6da mattan<\/p>\n<p class=\"hyperion-css-1v9qo5x\">Flera av hotellen erbjuder f\u00f6rel\u00e4sningar av hundtr\u00e4nare, aktiviteter med hundklubbar och goodiebags till de p\u00e4lskl\u00e4dda g\u00e4sterna.<\/p>\n<p class=\"hyperion-css-1v9qo5x\">\u2013 Vi rullar ut r\u00f6da mattan n\u00e4r de kommer, s\u00e4ger Mirja Braun.<\/p>\n<p class=\"hyperion-css-1v9qo5x\">\u00c4ven bland hotellpersonalen \u00e4r engagemanget stort. Martin Blideskog p\u00e5 Scandic Landvetter tilltr\u00e4dde sin tj\u00e4nst i augusti \u2013 och redan d\u00e5 b\u00f6rjade det bubbla kring ny\u00e5rsfirandet.<\/p>\n<p class=\"hyperion-css-1v9qo5x\">\u2013 Det var bland det f\u00f6rsta jag fick klart f\u00f6r mig n\u00e4r jag kom hit: vi \u00e4r alla inne och jobbar p\u00e5 ny\u00e5r, s\u00e4ger Martin Blideskog.<\/p>\n","protected":false},"excerpt":{"rendered":"share-arrowDela unsaveSpara chevron-leftf\u00f6reg\u00e5endechevron-rightn\u00e4staFler och fler checkar in med sina skottr\u00e4dda hundar p\u00e5 flygplatshotell \u00f6ver ny\u00e5r, f\u00f6r ett firande&hellip;\n","protected":false},"author":2,"featured_media":119515,"comment_status":"","ping_status":"","sticky":false,"template":"","format":"standard","meta":{"footnotes":""},"categories":[5],"tags":[22,23,26,27,17,21,24,25,28,29,15,16,18,34,31,33,32,30,19,20],"class_list":{"0":"post-119514","1":"post","2":"type-post","3":"status-publish","4":"format-standard","5":"has-post-thumbnail","7":"category-rubriker","8":"tag-breaking-news","9":"tag-breakingnews","10":"tag-featured-news","11":"tag-featurednews","12":"tag-headlines","13":"tag-huvudnyheter","14":"tag-latest-news","15":"tag-latestnews","16":"tag-main-news","17":"tag-mainnews","18":"tag-news","19":"tag-nyheter","20":"tag-rubriker","21":"tag-se","22":"tag-svenska","23":"tag-sverige","24":"tag-sweden","25":"tag-swedish","26":"tag-top-stories","27":"tag-topstories"},"share_on_mastodon":{"url":"https:\/\/pubeurope.com\/@se\/115802273403446256","error":""},"_links":{"self":[{"href":"https:\/\/www.europesays.com\/se\/wp-json\/wp\/v2\/posts\/119514","targetHints":{"allow":["GET"]}}],"collection":[{"href":"https:\/\/www.europesays.com\/se\/wp-json\/wp\/v2\/posts"}],"about":[{"href":"https:\/\/www.europesays.com\/se\/wp-json\/wp\/v2\/types\/post"}],"author":[{"embeddable":true,"href":"https:\/\/www.europesays.com\/se\/wp-json\/wp\/v2\/users\/2"}],"replies":[{"embeddable":true,"href":"https:\/\/www.europesays.com\/se\/wp-json\/wp\/v2\/comments?post=119514"}],"version-history":[{"count":0,"href":"https:\/\/www.europesays.com\/se\/wp-json\/wp\/v2\/posts\/119514\/revisions"}],"wp:featuredmedia":[{"embeddable":true,"href":"https:\/\/www.europesays.com\/se\/wp-json\/wp\/v2\/media\/119515"}],"wp:attachment":[{"href":"https:\/\/www.europesays.com\/se\/wp-json\/wp\/v2\/media?parent=119514"}],"wp:term":[{"taxonomy":"category","embeddable":true,"href":"https:\/\/www.europesays.com\/se\/wp-json\/wp\/v2\/categories?post=119514"},{"taxonomy":"post_tag","embeddable":true,"href":"https:\/\/www.europesays.com\/se\/wp-json\/wp\/v2\/tags?post=119514"}],"curies":[{"name":"wp","href":"https:\/\/api.w.org\/{rel}","templated":true}]}}