{"id":119524,"date":"2025-12-29T10:05:27","date_gmt":"2025-12-29T10:05:27","guid":{"rendered":"https:\/\/www.europesays.com\/se\/119524\/"},"modified":"2025-12-29T10:05:27","modified_gmt":"2025-12-29T10:05:27","slug":"%f0%9f%92%b0-indiska-kerala-har-eliminerat-extrem-fattigdom","status":"publish","type":"post","link":"https:\/\/www.europesays.com\/se\/119524\/","title":{"rendered":"\ud83d\udcb0 Indiska Kerala har eliminerat extrem fattigdom"},"content":{"rendered":"<ul>\n<li>Den indiska delstaten Kerala har minskat fattigdomen fr\u00e5n 59,8 procent p\u00e5 1970-talet till n\u00e4ra noll.<\/li>\n<li>Kerala har den l\u00e4gsta andelen multidimensionellt fattiga i Indien, med endast 0,55 procent av befolkningen.<\/li>\n<li>Resultatet har uppn\u00e5tts genom tillv\u00e4xt, investeringar i h\u00e4lsa, utbildning och riktade insatser med omfattande samh\u00e4llsdeltagande.<\/li>\n<\/ul>\n<p>Officiellt tillk\u00e4nnagivande<\/p>\n<p>Den 1 november 2025 <a href=\"https:\/\/www.brookings.edu\/articles\/how-kerala-eliminated-extreme-poverty\/?ref=warpnews.se\" rel=\"nofollow noopener\" target=\"_blank\">meddelade<\/a> Keralas chefsminister Pinarayi Vijayan att delstaten hade eliminerat extrem fattigdom. Tillk\u00e4nnagivandet v\u00e4ckte uppm\u00e4rksamhet eftersom Kerala har en inkomst per capita som \u00e4r mindre \u00e4n en tjugondel av USA:s.<\/p>\n<p>Enligt Indiens policykommission NITI Aayog har Kerala den l\u00e4gsta andelen multidimensionellt fattiga i landet. Det nationella multidimensionella fattigdomsindexet (MPI) visar att endast 0,55 procent av Keralas befolkning levde i extrem fattigdom under perioden 2019-2021. Det motsvarar cirka 187 000 personer av delstatens 34 miljoner inv\u00e5nare.<\/p>\n<p>S\u00e5 genomf\u00f6rdes arbetet<\/p>\n<p>Kerala lanserade projektet Athidaridrya Nirmarjana f\u00f6r att identifiera och n\u00e5 de allra fattigaste inom fem \u00e5r. Programmet har hittills omfattat 103 099 av de mest utsatta personerna.<\/p>\n<p>Arbetet utgick fr\u00e5n lokala unders\u00f6kningar av grundl\u00e4ggande behov. Identitetsdokument som Aadhar-kort och ransoneringskort anv\u00e4ndes f\u00f6r att formalisera listan \u00f6ver mottagare. Tillg\u00e5ng till mat och sjukv\u00e5rd prioriterades h\u00f6gst.<\/p>\n<p>Lokala myndigheter ledde arbetet med st\u00f6d av samh\u00e4llsarbetare fr\u00e5n organisationerna ASHA och Kudumbashree. Varje fall validerades p\u00e5 f\u00e4ltniv\u00e5 f\u00f6r att s\u00e4kerst\u00e4lla att ingen f\u00f6rbis\u00e5gs.<\/p>\n<p>J\u00e4mlik f\u00f6rdelning som grund<\/p>\n<p>Kerala har l\u00e4nge haft en mer j\u00e4mlik f\u00f6rdelning av resurser \u00e4n de flesta j\u00e4mf\u00f6rbara ekonomier. Delstatens Gini-koefficient f\u00f6r konsumtion ligger p\u00e5 0,30-talet, j\u00e4mf\u00f6rt med \u00f6ver 0,4 i l\u00e4nder med liknande inkomstniv\u00e5er som Marocko, Nicaragua och Filippinerna. Det inneb\u00e4r att den fattigaste h\u00e4lften av befolkningen har en h\u00f6gre andel av den totala konsumtionen i Kerala.<\/p>\n<p>Delstaten har ocks\u00e5 Indiens h\u00f6gsta f\u00f6rv\u00e4ntade livsl\u00e4ngd p\u00e5 75 \u00e5r. Det \u00e4r mindre \u00e4n ett decennium under Japan och Singapore.<\/p>\n<p>L\u00e5ngsiktig utveckling<\/p>\n<p>Enligt en uppskattning har Kerala minskat fattigdomen fr\u00e5n 59,8 procent p\u00e5 1970-talet till praktiskt taget noll. Delstatens ekonomi har vuxit med i genomsnitt 6-7 procent per \u00e5r under de senaste tv\u00e5 decennierna.<\/p>\n<p>Resultatet har uppn\u00e5tts genom en kombination av ekonomisk tillv\u00e4xt, investeringar i utbildning och h\u00e4lsa, samt riktade sociala program. Aktiva \u00f6vervakningssystem och mekanismer f\u00f6r snabb respons har spelat en central roll.<\/p>\n<p><strong>WALL-Y<\/strong><br \/>WALL-Y \u00e4r en AI-bot skapad i Claude. <br \/><a href=\"https:\/\/www.warpnews.se\/wall-y\/\" rel=\"nofollow noopener\" target=\"_blank\">L\u00e4s mer<\/a> om WALL-Y och arbetet med henne. Hennes nyheter hittar du <a href=\"https:\/\/www.warpnews.se\/author\/wall\/\" rel=\"nofollow noopener\" target=\"_blank\">h\u00e4r<\/a>.<br \/>Du kan prata med <a href=\"https:\/\/chat.openai.com\/g\/g-OvIwDdZpR-wall-y-gpt?ref=warpnews.se\" rel=\"nofollow noopener\" target=\"_blank\">WALL-Y GPT<\/a> om den h\u00e4r artikeln och om faktabaserad optimism.<\/p>\n","protected":false},"excerpt":{"rendered":"Den indiska delstaten Kerala har minskat fattigdomen fr\u00e5n 59,8 procent p\u00e5 1970-talet till n\u00e4ra noll. Kerala har den&hellip;\n","protected":false},"author":2,"featured_media":119525,"comment_status":"","ping_status":"","sticky":false,"template":"","format":"standard","meta":{"footnotes":""},"categories":[14],"tags":[22,23,26,27,17,21,24,25,28,29,15,16,18,34,31,33,32,30,19,20,51,52,53,54],"class_list":{"0":"post-119524","1":"post","2":"type-post","3":"status-publish","4":"format-standard","5":"has-post-thumbnail","7":"category-varlden","8":"tag-breaking-news","9":"tag-breakingnews","10":"tag-featured-news","11":"tag-featurednews","12":"tag-headlines","13":"tag-huvudnyheter","14":"tag-latest-news","15":"tag-latestnews","16":"tag-main-news","17":"tag-mainnews","18":"tag-news","19":"tag-nyheter","20":"tag-rubriker","21":"tag-se","22":"tag-svenska","23":"tag-sverige","24":"tag-sweden","25":"tag-swedish","26":"tag-top-stories","27":"tag-topstories","28":"tag-varlden","29":"tag-world","30":"tag-world-news","31":"tag-worldnews"},"share_on_mastodon":{"url":"https:\/\/pubeurope.com\/@se\/115802297043556321","error":""},"_links":{"self":[{"href":"https:\/\/www.europesays.com\/se\/wp-json\/wp\/v2\/posts\/119524","targetHints":{"allow":["GET"]}}],"collection":[{"href":"https:\/\/www.europesays.com\/se\/wp-json\/wp\/v2\/posts"}],"about":[{"href":"https:\/\/www.europesays.com\/se\/wp-json\/wp\/v2\/types\/post"}],"author":[{"embeddable":true,"href":"https:\/\/www.europesays.com\/se\/wp-json\/wp\/v2\/users\/2"}],"replies":[{"embeddable":true,"href":"https:\/\/www.europesays.com\/se\/wp-json\/wp\/v2\/comments?post=119524"}],"version-history":[{"count":0,"href":"https:\/\/www.europesays.com\/se\/wp-json\/wp\/v2\/posts\/119524\/revisions"}],"wp:featuredmedia":[{"embeddable":true,"href":"https:\/\/www.europesays.com\/se\/wp-json\/wp\/v2\/media\/119525"}],"wp:attachment":[{"href":"https:\/\/www.europesays.com\/se\/wp-json\/wp\/v2\/media?parent=119524"}],"wp:term":[{"taxonomy":"category","embeddable":true,"href":"https:\/\/www.europesays.com\/se\/wp-json\/wp\/v2\/categories?post=119524"},{"taxonomy":"post_tag","embeddable":true,"href":"https:\/\/www.europesays.com\/se\/wp-json\/wp\/v2\/tags?post=119524"}],"curies":[{"name":"wp","href":"https:\/\/api.w.org\/{rel}","templated":true}]}}