{"id":119531,"date":"2025-12-29T10:10:09","date_gmt":"2025-12-29T10:10:09","guid":{"rendered":"https:\/\/www.europesays.com\/se\/119531\/"},"modified":"2025-12-29T10:10:09","modified_gmt":"2025-12-29T10:10:09","slug":"gladjen-i-tv4-susanne-skrapade-hem-fem-miljoner","status":"publish","type":"post","link":"https:\/\/www.europesays.com\/se\/119531\/","title":{"rendered":"Gl\u00e4djen i TV4 \u2013 Susanne skrapade hem fem miljoner"},"content":{"rendered":"<p>Publicerad 29 dec 2025 kl 09.53Uppdaterad kl 10.25<\/p>\n<p>Susanne fr\u00e5n Vara avslutar \u00e5ret p\u00e5 kanske b\u00e4sta m\u00f6jlig s\u00e4tt: Hon skrapade under m\u00e5ndagsmorgonen fram fem miljoner i vinst p\u00e5 Triss-skrapet i TV4:s \u201dNyhetsmorgon\u201d.<\/p>\n<p>Senaste n\u00f6jesklippen fr\u00e5n Expressen.<img   alt=\"\"\/><\/p>\n<p>Gl\u00e4djen i TV4:s \u201dNyhetsmorgon\u201d<\/p>\n<p>Foto: TV4<\/p>\n<p>\u00d6ppna bild i helsk\u00e4rm<\/p>\n<p>In i det sista var det sp\u00e4nnande och storvinsten skrapades fram p\u00e5 sista rutan \u2013 med ett gl\u00e4djetjut och kramar fr\u00e5n programledarna.\u00a0<\/p>\n<p>\u2013 Nu gr\u00e5ter jag, s\u00e4ger en \u00f6verlycklig Susanne.<\/p>\n<p>Susanne passade \u00e4ven p\u00e5 att lova bort en bit av vinsten.<\/p>\n<p>\u2013 Nu barn kanske ni f\u00e5r den d\u00e4r femhundringen jag lovat, s\u00e4ger hon i s\u00e4ndningen.<\/p>\n","protected":false},"excerpt":{"rendered":"Publicerad 29 dec 2025 kl 09.53Uppdaterad kl 10.25 Susanne fr\u00e5n Vara avslutar \u00e5ret p\u00e5 kanske b\u00e4sta m\u00f6jlig s\u00e4tt:&hellip;\n","protected":false},"author":2,"featured_media":119532,"comment_status":"","ping_status":"","sticky":false,"template":"","format":"standard","meta":{"footnotes":""},"categories":[67],"tags":[104,1245,34,645,31,33,32,30,105],"class_list":{"0":"post-119531","1":"post","2":"type-post","3":"status-publish","4":"format-standard","5":"has-post-thumbnail","7":"category-underhallning","8":"tag-entertainment","9":"tag-organization-nyhetsmorgon","10":"tag-se","11":"tag-sections-tv","12":"tag-svenska","13":"tag-sverige","14":"tag-sweden","15":"tag-swedish","16":"tag-underhallning"},"share_on_mastodon":{"url":"https:\/\/pubeurope.com\/@se\/115802316666482633","error":""},"_links":{"self":[{"href":"https:\/\/www.europesays.com\/se\/wp-json\/wp\/v2\/posts\/119531","targetHints":{"allow":["GET"]}}],"collection":[{"href":"https:\/\/www.europesays.com\/se\/wp-json\/wp\/v2\/posts"}],"about":[{"href":"https:\/\/www.europesays.com\/se\/wp-json\/wp\/v2\/types\/post"}],"author":[{"embeddable":true,"href":"https:\/\/www.europesays.com\/se\/wp-json\/wp\/v2\/users\/2"}],"replies":[{"embeddable":true,"href":"https:\/\/www.europesays.com\/se\/wp-json\/wp\/v2\/comments?post=119531"}],"version-history":[{"count":0,"href":"https:\/\/www.europesays.com\/se\/wp-json\/wp\/v2\/posts\/119531\/revisions"}],"wp:featuredmedia":[{"embeddable":true,"href":"https:\/\/www.europesays.com\/se\/wp-json\/wp\/v2\/media\/119532"}],"wp:attachment":[{"href":"https:\/\/www.europesays.com\/se\/wp-json\/wp\/v2\/media?parent=119531"}],"wp:term":[{"taxonomy":"category","embeddable":true,"href":"https:\/\/www.europesays.com\/se\/wp-json\/wp\/v2\/categories?post=119531"},{"taxonomy":"post_tag","embeddable":true,"href":"https:\/\/www.europesays.com\/se\/wp-json\/wp\/v2\/tags?post=119531"}],"curies":[{"name":"wp","href":"https:\/\/api.w.org\/{rel}","templated":true}]}}