{"id":119539,"date":"2025-12-29T10:17:07","date_gmt":"2025-12-29T10:17:07","guid":{"rendered":"https:\/\/www.europesays.com\/se\/119539\/"},"modified":"2025-12-29T10:17:07","modified_gmt":"2025-12-29T10:17:07","slug":"den-sportsliga-ledningen-organiseras-om-under-2026","status":"publish","type":"post","link":"https:\/\/www.europesays.com\/se\/119539\/","title":{"rendered":"Den sportsliga ledningen organiseras om under 2026"},"content":{"rendered":"<p>Efter rekryteringen av Miguel Angel Ramirez som ny huvudtr\u00e4nare f\u00f6r herrarnas A-lag forts\u00e4tter det strategiska arbetet, nu med att l\u00e5ngsiktigt optimera f\u00f6reningens sportsliga ledning.<\/p>\n<p>Som ett led i detta f\u00e5r Daniel Andersson titeln Fotbollschef och precis som tidigare det \u00f6vergripande ansvaret f\u00f6r att f\u00f6reningens sportsliga strategier efterlevs genom alla delar av verksamheten. Daniel Anderssons huvudm\u00e5l som Fotbollschef \u00e4r fortsatt att Malm\u00f6 FF:s b\u00e5da A-lag ska vara framg\u00e5ngsrika p\u00e5 planen och att v\u00e5ra akademier ska utveckla talanger som kan etablera sig i v\u00e5ra representationslag f\u00f6r att p\u00e5 s\u00e5 s\u00e4tt st\u00e4rka f\u00f6reningens sportsliga och ekonomiska resultat.<\/p>\n<p>Under Fotbollschefen ers\u00e4tts de assisterande sportcheferna av Sportchef Herr och Sportchef Dam. Maxim Khalil f\u00e5r fr\u00e5n \u00e5rsskiftet titeln Sportchef Dam medan arbetet med att tills\u00e4tta tj\u00e4nsten Sportchef Herr p\u00e5g\u00e5r. M\u00e5let \u00e4r att ha slutf\u00f6rt processen i god tid innan sommarens transferf\u00f6nster \u00f6ppnar. Under tiden ligger detta ansvar fortsatt hos Fotbollschef Daniel Andersson.<\/p>\n<p>Sportchef Herr och Sportchef Dam f\u00e5r ett helhetsansvar f\u00f6r den sportsliga verksamheten kring respektive A-lag. I deras uppdrag ing\u00e5r att bygga spelartrupp, s\u00e4tta samman och leda ledarstaben samt ta ansvar f\u00f6r personalfr\u00e5gor och det dagliga sportsliga arbetet. B\u00e5da rollerna har budgetansvar f\u00f6r sina respektive omr\u00e5den.<\/p>\n<p>Samtidigt kvarst\u00e5r principen att sportslig rekrytering till Malm\u00f6 FF \u00e4r och f\u00f6rblir ett gediget lagarbete. Oavsett den omf\u00f6rdelade ansvarsstrukturen \u00e4r det m\u00e5nga personer i v\u00e5r sportsliga operativa organisation som tillsammans bidrar med kompetens, analys och erfarenhet i den omfattande process som varje rekrytering inneb\u00e4r.<\/p>\n<p>Ut\u00f6ver Sportchef Herr och Sportchef Dam ing\u00e5r \u00e4ven Sportchef Ungdom (Per \u00c5gren), Tekniskt Ansvarig (Jaime Segura). Ansvarig Skolakademi (Jan-Olov Kindvall) i den sportsliga ledningen och rapporterar till Fotbollschefen.<\/p>\n<p>Ola Toivonen, som \u00e5ret ut \u00e4r assisterande sportchef p\u00e5 herrsidan, erbjuds en roll i den dagliga sportsliga verksamheten. Detta f\u00f6r att ta tillvara p\u00e5 Olas unika erfarenheter och kunskaper p\u00e5 ett bra s\u00e4tt, samtidigt som Toivonen i sin str\u00e4van att efter spelarkarri\u00e4ren skaffa sig en bred fotbollsm\u00e4ssig erfarenhet ges m\u00f6jlighet till detta.<\/p>\n<p>Omstruktureringen av den sportsliga ledningen sker inom liggande organisationsplan och inneb\u00e4r s\u00e5ledes inte en numer\u00e4r \u00f6kning av antalet anst\u00e4llda.<\/p>\n<p>Niklas S\u00f6derstr\u00f6m, tillf\u00f6rordnad VD<\/p>\n<p>\u2013 Malm\u00f6 FF har under l\u00e5ng tid med stor framg\u00e5ng drivit en vinnande sportslig organisation. Vi vet att det \u00e4r ett mycket omfattande arbete som kr\u00e4ver st\u00e4ndig optimering f\u00f6r att kunna h\u00e5lla kvalitet.<\/p>\n<p>\u2013\u00a0Med den h\u00e4r f\u00f6r\u00e4ndringen s\u00e5 st\u00e4rker vi Malm\u00f6 FF:s konkurrenskraft p\u00e5 s\u00e5 v\u00e4l kort som l\u00e5ng sikt. Med en tydligare ansvarsf\u00f6rdelning och styrning i den sportsliga ledningen skapar vi b\u00e4ttre f\u00f6ruts\u00e4ttningar att m\u00f6ta \u00f6kade krav, fatta tr\u00e4ffs\u00e4kra beslut och forts\u00e4tta vara framg\u00e5ngsrika \u00f6ver tid.<\/p>\n","protected":false},"excerpt":{"rendered":"Efter rekryteringen av Miguel Angel Ramirez som ny huvudtr\u00e4nare f\u00f6r herrarnas A-lag forts\u00e4tter det strategiska arbetet, nu med&hellip;\n","protected":false},"author":2,"featured_media":119540,"comment_status":"","ping_status":"","sticky":false,"template":"","format":"standard","meta":{"footnotes":""},"categories":[68],"tags":[34,111,110,31,33,32,30],"class_list":{"0":"post-119539","1":"post","2":"type-post","3":"status-publish","4":"format-standard","5":"has-post-thumbnail","7":"category-sport","8":"tag-se","9":"tag-sport","10":"tag-sports","11":"tag-svenska","12":"tag-sverige","13":"tag-sweden","14":"tag-swedish"},"share_on_mastodon":{"url":"https:\/\/pubeurope.com\/@se\/115802344308412770","error":""},"_links":{"self":[{"href":"https:\/\/www.europesays.com\/se\/wp-json\/wp\/v2\/posts\/119539","targetHints":{"allow":["GET"]}}],"collection":[{"href":"https:\/\/www.europesays.com\/se\/wp-json\/wp\/v2\/posts"}],"about":[{"href":"https:\/\/www.europesays.com\/se\/wp-json\/wp\/v2\/types\/post"}],"author":[{"embeddable":true,"href":"https:\/\/www.europesays.com\/se\/wp-json\/wp\/v2\/users\/2"}],"replies":[{"embeddable":true,"href":"https:\/\/www.europesays.com\/se\/wp-json\/wp\/v2\/comments?post=119539"}],"version-history":[{"count":0,"href":"https:\/\/www.europesays.com\/se\/wp-json\/wp\/v2\/posts\/119539\/revisions"}],"wp:featuredmedia":[{"embeddable":true,"href":"https:\/\/www.europesays.com\/se\/wp-json\/wp\/v2\/media\/119540"}],"wp:attachment":[{"href":"https:\/\/www.europesays.com\/se\/wp-json\/wp\/v2\/media?parent=119539"}],"wp:term":[{"taxonomy":"category","embeddable":true,"href":"https:\/\/www.europesays.com\/se\/wp-json\/wp\/v2\/categories?post=119539"},{"taxonomy":"post_tag","embeddable":true,"href":"https:\/\/www.europesays.com\/se\/wp-json\/wp\/v2\/tags?post=119539"}],"curies":[{"name":"wp","href":"https:\/\/api.w.org\/{rel}","templated":true}]}}