{"id":119544,"date":"2025-12-29T10:21:10","date_gmt":"2025-12-29T10:21:10","guid":{"rendered":"https:\/\/www.europesays.com\/se\/119544\/"},"modified":"2025-12-29T10:21:10","modified_gmt":"2025-12-29T10:21:10","slug":"cabalgata-de-los-reyes-magos","status":"publish","type":"post","link":"https:\/\/www.europesays.com\/se\/119544\/","title":{"rendered":"Cabalgata de los Reyes Magos"},"content":{"rendered":"<p>Los Reyes Magos, (De heliga kungarna,) \u00e4r den st\u00f6rsta spanska traditionen vid jul.<\/p>\n<p>Den stora paraden,\u00a0\u201dCabalgata de los Reyes Magos\u201d, \u00e4r den 5 januari och\u00a0h\u00e5lls \u00f6ver hela landet f\u00f6r att firas de tre\u00a0 kungarnas ankomst, Melchor, Gaspar och Baltasar. H\u00e4ndelsen direkts\u00e4nds i TV och lockar ut flera tusen spanjorer p\u00e5 Palmas gator.<\/p>\n<p>P\u00e5 Mallorca anl\u00e4nder de tre kungarna i en b\u00e5t <strong>den 5 januari kl 18.oo<\/strong> till Moll Vell<strong>, <\/strong>strax nedanf\u00f6r La Llonja i Palma och avslutar sin rutt p\u00e5 Plaza de Cort med en kunglig h\u00e4lsning fr\u00e5n balkongen i r\u00e5dhuset ca kl 20.30. Nedan kan du se vilka gator paraden passerar. I \u00e5rets parad deltar \u00f6ver 450 artister och \u00f6ver 2000 kilo godis kommer kastas ut. Vissa kommer ta med paraply f\u00f6r att f\u00e5nga upp s\u00e5 mycket godis som m\u00f6jligt. Missa inte denna fantastiska parad!<\/p>\n<p>Paraden kommer att vara enligt f\u00f6ljande:<\/p>\n<p>Ankomst till Moll Vell, nedan f\u00f6r La Lonja, sedan via Avenida d\u2019Antoni Maura, Passeig del Born, Pla\u00e7a del Rei Joan Carles I, Carrer de la Uni\u00f3, la Rambla, Carrer del Bar\u00f3 de Pinopar, Avenida d \u2019Alemanya , Via Roma, Carrer del Bisbe Campins, Carrer de Rub\u00e8n Dario, Passeig de Mallorca, Avenida de Jaume III och Pla\u00e7a del Rei Joan Carles I.<\/p>\n<p>Bild: Mallorca Nyheter<\/p>\n<p>K\u00e4lla: Majorca Bulletin<\/p>\n<p><b>Missa inga nyheter! <\/b><b>Prenumerera p\u00e5 v\u00e5rt veckovisa, kostnadsfria nyhet<\/b><\/p>\n","protected":false},"excerpt":{"rendered":"Los Reyes Magos, (De heliga kungarna,) \u00e4r den st\u00f6rsta spanska traditionen vid jul. Den stora paraden,\u00a0\u201dCabalgata de los&hellip;\n","protected":false},"author":2,"featured_media":119545,"comment_status":"","ping_status":"","sticky":false,"template":"","format":"standard","meta":{"footnotes":""},"categories":[14],"tags":[22,23,12761,26,27,17,21,12762,24,25,12763,28,29,12764,15,16,12765,18,34,31,33,32,30,19,20,51,52,53,54],"class_list":{"0":"post-119544","1":"post","2":"type-post","3":"status-publish","4":"format-standard","5":"has-post-thumbnail","7":"category-varlden","8":"tag-breaking-news","9":"tag-breakingnews","10":"tag-cabalgata-de-los-reyes-magos","11":"tag-featured-news","12":"tag-featurednews","13":"tag-headlines","14":"tag-huvudnyheter","15":"tag-la-lonja","16":"tag-latest-news","17":"tag-latestnews","18":"tag-los-reyes-magos","19":"tag-main-news","20":"tag-mainnews","21":"tag-melchor-gaspar-och-balthasar","22":"tag-news","23":"tag-nyheter","24":"tag-parad","25":"tag-rubriker","26":"tag-se","27":"tag-svenska","28":"tag-sverige","29":"tag-sweden","30":"tag-swedish","31":"tag-top-stories","32":"tag-topstories","33":"tag-varlden","34":"tag-world","35":"tag-world-news","36":"tag-worldnews"},"share_on_mastodon":{"url":"https:\/\/pubeurope.com\/@se\/115802359954772361","error":""},"_links":{"self":[{"href":"https:\/\/www.europesays.com\/se\/wp-json\/wp\/v2\/posts\/119544","targetHints":{"allow":["GET"]}}],"collection":[{"href":"https:\/\/www.europesays.com\/se\/wp-json\/wp\/v2\/posts"}],"about":[{"href":"https:\/\/www.europesays.com\/se\/wp-json\/wp\/v2\/types\/post"}],"author":[{"embeddable":true,"href":"https:\/\/www.europesays.com\/se\/wp-json\/wp\/v2\/users\/2"}],"replies":[{"embeddable":true,"href":"https:\/\/www.europesays.com\/se\/wp-json\/wp\/v2\/comments?post=119544"}],"version-history":[{"count":0,"href":"https:\/\/www.europesays.com\/se\/wp-json\/wp\/v2\/posts\/119544\/revisions"}],"wp:featuredmedia":[{"embeddable":true,"href":"https:\/\/www.europesays.com\/se\/wp-json\/wp\/v2\/media\/119545"}],"wp:attachment":[{"href":"https:\/\/www.europesays.com\/se\/wp-json\/wp\/v2\/media?parent=119544"}],"wp:term":[{"taxonomy":"category","embeddable":true,"href":"https:\/\/www.europesays.com\/se\/wp-json\/wp\/v2\/categories?post=119544"},{"taxonomy":"post_tag","embeddable":true,"href":"https:\/\/www.europesays.com\/se\/wp-json\/wp\/v2\/tags?post=119544"}],"curies":[{"name":"wp","href":"https:\/\/api.w.org\/{rel}","templated":true}]}}