{"id":119546,"date":"2025-12-29T10:22:13","date_gmt":"2025-12-29T10:22:13","guid":{"rendered":"https:\/\/www.europesays.com\/se\/119546\/"},"modified":"2025-12-29T10:22:13","modified_gmt":"2025-12-29T10:22:13","slug":"algar-paverkar-trafiken-pa-nynasvagen","status":"publish","type":"post","link":"https:\/\/www.europesays.com\/se\/119546\/","title":{"rendered":"\u00c4lgar p\u00e5verkar trafiken p\u00e5 Nyn\u00e4sv\u00e4gen"},"content":{"rendered":"<p class=\"text\">Flera personer har under f\u00f6rmiddagen kontaktat polisen om att tv\u00e5 \u00e4lgar r\u00f6r sig n\u00e4ra v\u00e4gkanten vid v\u00e4g 73, Nyn\u00e4sv\u00e4gen, vid avfarten till Jordbro, rapporterar <a target=\"_blank\" rel=\"noopener nofollow\" href=\"https:\/\/www.aftonbladet.se\/nyheter\/a\/Rr77qd\/aftonbladet-direkt?pinnedEntry=1436595\">Aftonbladet<\/a>.<\/p>\n<p class=\"text\">\u2013 Det ringer nya personer hela tiden, s\u00e4ger Mats Eriksson, presstalesperson p\u00e5 Stockholmspolisen, till tidningen.<\/p>\n<p class=\"text\">Enligt Trafikverket p\u00e5verkar \u00e4lgarna trafiken i b\u00e5da riktningarna mellan Trafikplats V\u00e4sterhaninge och Trafikplats Jordbro.<\/p>\n<p class=\"text\">Polisen har skickat en patrull till platsen.<\/p>\n<p class=\"text\">Texten uppdateras&#8230;<\/p>\n","protected":false},"excerpt":{"rendered":"Flera personer har under f\u00f6rmiddagen kontaktat polisen om att tv\u00e5 \u00e4lgar r\u00f6r sig n\u00e4ra v\u00e4gkanten vid v\u00e4g 73,&hellip;\n","protected":false},"author":2,"featured_media":119547,"comment_status":"","ping_status":"","sticky":false,"template":"","format":"standard","meta":{"footnotes":""},"categories":[12],"tags":[22,23,26,27,17,21,24,25,28,29,15,16,18,34,31,33,32,30,19,20],"class_list":{"0":"post-119546","1":"post","2":"type-post","3":"status-publish","4":"format-standard","5":"has-post-thumbnail","7":"category-sverige","8":"tag-breaking-news","9":"tag-breakingnews","10":"tag-featured-news","11":"tag-featurednews","12":"tag-headlines","13":"tag-huvudnyheter","14":"tag-latest-news","15":"tag-latestnews","16":"tag-main-news","17":"tag-mainnews","18":"tag-news","19":"tag-nyheter","20":"tag-rubriker","21":"tag-se","22":"tag-svenska","23":"tag-sverige","24":"tag-sweden","25":"tag-swedish","26":"tag-top-stories","27":"tag-topstories"},"share_on_mastodon":{"url":"https:\/\/pubeurope.com\/@se\/115802363850938966","error":""},"_links":{"self":[{"href":"https:\/\/www.europesays.com\/se\/wp-json\/wp\/v2\/posts\/119546","targetHints":{"allow":["GET"]}}],"collection":[{"href":"https:\/\/www.europesays.com\/se\/wp-json\/wp\/v2\/posts"}],"about":[{"href":"https:\/\/www.europesays.com\/se\/wp-json\/wp\/v2\/types\/post"}],"author":[{"embeddable":true,"href":"https:\/\/www.europesays.com\/se\/wp-json\/wp\/v2\/users\/2"}],"replies":[{"embeddable":true,"href":"https:\/\/www.europesays.com\/se\/wp-json\/wp\/v2\/comments?post=119546"}],"version-history":[{"count":0,"href":"https:\/\/www.europesays.com\/se\/wp-json\/wp\/v2\/posts\/119546\/revisions"}],"wp:featuredmedia":[{"embeddable":true,"href":"https:\/\/www.europesays.com\/se\/wp-json\/wp\/v2\/media\/119547"}],"wp:attachment":[{"href":"https:\/\/www.europesays.com\/se\/wp-json\/wp\/v2\/media?parent=119546"}],"wp:term":[{"taxonomy":"category","embeddable":true,"href":"https:\/\/www.europesays.com\/se\/wp-json\/wp\/v2\/categories?post=119546"},{"taxonomy":"post_tag","embeddable":true,"href":"https:\/\/www.europesays.com\/se\/wp-json\/wp\/v2\/tags?post=119546"}],"curies":[{"name":"wp","href":"https:\/\/api.w.org\/{rel}","templated":true}]}}