{"id":119550,"date":"2025-12-29T10:25:11","date_gmt":"2025-12-29T10:25:11","guid":{"rendered":"https:\/\/www.europesays.com\/se\/119550\/"},"modified":"2025-12-29T10:25:11","modified_gmt":"2025-12-29T10:25:11","slug":"per-elofsson-nobbad-av-svt-inte-fatt-fragan-langdskidor","status":"publish","type":"post","link":"https:\/\/www.europesays.com\/se\/119550\/","title":{"rendered":"Per Elofsson nobbad av SVT: \u201dInte f\u00e5tt fr\u00e5gan\u201d | L\u00e4ngdskidor"},"content":{"rendered":"<p>Han var den f\u00f6rsta historiska vinnaren av M\u00e4starnas m\u00e4stare.\u00a0<\/p>\n<p>Men Per Elofsson saknas n\u00e4r flera g\u00f6r comeback.<\/p>\n<p>\u2013 Jag har faktiskt inte f\u00e5tt fr\u00e5gan, s\u00e4ger skidikonen.\u00a0<\/p>\n<p>Per Elofsson ber\u00e4ttar om stroken i en intervju 2019.<img loading=\"lazy\"   alt=\"\"\/><\/p>\n<p>Per Elofsson.<\/p>\n<p>Foto: TORBJ\u00d6RN JAKOBSSON \/ V\u00c4STERBOTTENS-KURIREN<\/p>\n<p>\u00d6ppna bild i helsk\u00e4rm<img loading=\"lazy\"   alt=\"\"\/><\/p>\n<p>Elofsson p\u00e5 nya jobbet.<\/p>\n<p>Foto: TORBJ\u00d6RN JAKOBSSON \/ V\u00c4STERBOTTENS-KURIREN<\/p>\n<p>\u00d6ppna bild i helsk\u00e4rm<\/p>\n<p><a href=\"https:\/\/www.expressen.se\/tagg\/person\/per-elofsson\/\" class=\"\" rel=\"nofollow noopener\" target=\"_blank\">Per Elofsson<\/a> har precis kommit hem fr\u00e5n Ume\u00e5 flygplats \u2013 men han har inte varit p\u00e5 resande fot.<\/p>\n<p>Det \u00e4r d\u00e4r den svenske skidikonen jobbar numera.\u00a0<\/p>\n<p>\u2013 Jag trivs j\u00e4ttebra med det. Det \u00e4r v\u00e4ldigt roligt att hj\u00e4lpa v\u00e5ra resen\u00e4rer och den direkta respons man f\u00e5r, s\u00e4ger han.\u00a0<\/p>\n<p>Han trivs bra med att att ha ett \u201driktigt\u201d jobb. I 48-\u00e5ringens arbetsuppgifter ing\u00e5r det mesta. Serva in- och utg\u00e5ende flygplan, montera trappor och bagageband, blinka in och ut plan \u2013 och jobb i s\u00e4kerhetskontrollen.\u00a0<\/p>\n<p>Nog blir han igenk\u00e4nd.\u00a0<\/p>\n<p>\u2013 Jo, det blir jag ganska ofta, s\u00e4ger han och forts\u00e4tter:\u00a0<\/p>\n<p>\u2013 N\u00e4r jag st\u00e5r bakom metallb\u00e5gen d\u00e5 m\u00e4rker jag att det blir en del blickar. Ibland funderar de om det \u00e4r n\u00e5gon bekant och ibland kopplar de direkt: \u201dJa, men det \u00e4r ju du!\u201d.\u00a0<\/p>\n<p><strong>Vad s\u00e4ger folk d\u00e5?\u00a0<\/strong><\/p>\n<p>\u2013 Vissa tycker bara det \u00e4r roligt och vissa s\u00e4ger: \u201dShit va, fan. Jobbar du h\u00e4r?!\u201d. Men det \u00e4r bara positivt. Jag \u00e4r ganska social av mig s\u00e5 jag gillar att prata med folk.\u00a0<\/p>\n<p>R\u00e4dslan p\u00e5 Atlanten<\/p>\n<p>Under h\u00f6sten bytte Elofsson ut sina flygplan i Ume\u00e5 mot en segelb\u00e5t p\u00e5 Atlanten. Han var en i bes\u00e4ttningen i Kanal 5:s nya s\u00e4song av \u201d\u00d6ver Atlanten\u201d.\u00a0<\/p>\n<p>Tillsammans med Rickard Olsson, Rachel Molin, Tess Merkel, Samir Badran, Thomas Sj\u00f6gren och kapten Gurra Krantz tr\u00e4ngdes han p\u00e5 en 20 meter l\u00e5ng b\u00e5t i 19 dagar \u00f6ver Atlanten.\u00a0<\/p>\n<p>\u2013 Man var ju lite halvr\u00e4dd att det skulle sk\u00e4ra sig med n\u00e5gon p\u00e5 n\u00e5got s\u00e4tt. Man g\u00e5r ju p\u00e5 varandra hela tiden, s\u00e4ger han.\u00a0<\/p>\n<p><img loading=\"lazy\"   alt=\"\"\/> <\/p>\n<p>Foto: Safin Taki \/ Kanal 5<\/p>\n<p>\u00d6ppna bild i helsk\u00e4rm<\/p>\n<p>Med s\u00e4llskapet gick det bra, v\u00e4rre var det n\u00e4r ov\u00e4dret drog in. D\u00e5 blev det l\u00e4skigt p\u00e5 riktigt.\u00a0<\/p>\n<p>\u2013 D\u00e5 k\u00e4nde man att man \u00e4r ganska utsatt. Du \u00e4r mitt ute p\u00e5 Atlanten och sitter p\u00e5 den h\u00e4r lilla b\u00e5ten. Det \u00e4r bara det lilla skr\u00e5vet som \u00e4r skillnaden mellan att du lever eller inte. D\u00e5 k\u00e4nde man att det inte \u00e4r mycket mellan liv och d\u00f6d, s\u00e4ger han och forts\u00e4tter:\u00a0<\/p>\n<p>\u2013 Sen har vi haft fantastiska stunder ocks\u00e5 d\u00e4r det kom stora stim av delfiner. Vi har fiskat och det har varit j\u00e4tteh\u00e4ftigt. En riktigt cool upplevelse.\u00a0<\/p>\n<p>Nobbades av SVT<\/p>\n<p>P\u00e5 sin relativt korta karri\u00e4r i v\u00e4rldstoppen hann Elofsson med att vinna fem VM-guld, varav tre individuella, samt ett OS-brons. Dessutom tv\u00e5 totalsegrar i v\u00e4rldscupen.\u00a0<\/p>\n<p>Annons<\/p>\n<p>Efter karri\u00e4ren fortsatte han att vinna. 48-\u00e5ringen blev den f\u00f6rsta historiska vinnaren av SVT-l\u00e5ngk\u00f6raren M\u00e4starnas m\u00e4stare 2009.\u00a0<\/p>\n<p>2026 kommer en ny s\u00e4song av t\u00e4vlingen och d\u00e5 g\u00f6r flera gamla vinnare comeback \u2013 men inte den f\u00f6rste, Per Elofsson.\u00a0<\/p>\n<p>\u2013 Det har jag inte ens t\u00e4nkt p\u00e5. Jag har inte f\u00e5tt fr\u00e5gan heller, s\u00e4ger han.\u00a0<\/p>\n<p>\u2013 Jag kan t\u00e4nka mig att det har att g\u00f6ra med att jag fick en sm\u00e4ll f\u00f6r ett par \u00e5r sedan. Jag fick en stroke. Jag har ju haft problem till att b\u00f6rja med, med koordination och balans. Troligtvis har det med det att g\u00f6ra.\u00a0<\/p>\n<p><strong>Du k\u00e4nner dig inte snuvad p\u00e5 en plats i programmet?\u00a0<\/strong><\/p>\n<p>\u2013 Absolut inte. Nej det g\u00f6r jag inte.\u00a0<\/p>\n<p>Fick en stroke\u00a0<\/p>\n<p>Det var i september 2018 som Elofsson fick en stroke i sitt hem. Det ledde till att han blev delsidesf\u00f6rlamad och s\u00e4ngliggande i en vecka.\u00a0<\/p>\n<p>\u2013 F\u00f6rsta dagarna kunde jag inte ens g\u00e5. Jag fick \u00e5ka rullstol. Nu \u00e4r allting bra, men det har tagit l\u00e5ng tid.\u00a0<\/p>\n<p>L\u00e5ng rehab v\u00e4ntade med r\u00f6relse\u00f6vningar f\u00f6r att ta sig tillbaka \u2013 och Elofsson k\u00f6rde stenh\u00e5rt. tre-fyra pass per dag. Sex dagar i veckan. Disciplinen som gammal elitidrottare satt i.\u00a0<\/p>\n<p>\u2013 Efter ett halv\u00e5r var jag mer eller mindre tillbaka och hade f\u00e5tt tillbaka mitt k\u00f6rkort igen. Det var ju fortfarande en del komplikationer efter det, men jag hade tagit stora steg.\u00a0<\/p>\n<p><img loading=\"lazy\"   alt=\"\"\/><\/p>\n<p>Per Elofsson.<\/p>\n<p>Foto: OLLE SPORRONG<\/p>\n<p>\u00d6ppna bild i helsk\u00e4rm<\/p>\n<p>Totalt tog det tre \u00e5r att bli \u00e5terst\u00e4lld, men det var inte sj\u00e4lvklart att det skulle bli s\u00e5.\u00a0<\/p>\n<p>\u2013 Det var som att man var f\u00e5nge i sin egen kropp. Jag vaknade upp p\u00e5 sjukhuset helt uppkopplad. N\u00e4r sk\u00f6terskan kom fick jag inte fram ett ord. Det bara gurglade, s\u00e4ger han.\u00a0<\/p>\n<p>Han ville snabbt hem igen.\u00a0<\/p>\n<p>\u2013 Tre veckor tidigare hade jag blivit pappa, s\u00e5 jag hade en liten bebis hemma. Det var m\u00e5nga saker p\u00e5 en g\u00e5ng. Det var omtumlande.\u00a0<\/p>\n<p>Byggde fj\u00e4llstuga<\/p>\n<p>Hem kom han ocks\u00e5 till slut och d\u00e5 v\u00e4ntade n\u00e4sta projekt.\u00a0<\/p>\n<p>En fj\u00e4llstiga i Hemavan p\u00e5 240 kvadrat var planerad och grunden var redan gjuten. Tre m\u00e5nader efter stroken skulle stommarna resas.\u00a0<\/p>\n<p>Det hela blev en form av rehabprojekt f\u00f6r Elofsson.\u00a0<\/p>\n<p>\u2013 Bara att komma dit i terapeutiskt syfte och b\u00f6rja greja, bygga och se n\u00e5got v\u00e4xa fram, det var skitkul.\u00a0<\/p>\n<p>I stort sett allt inv\u00e4ndigt har han byggt sj\u00e4lv.<\/p>\n<p>\u2013 Jag kunde g\u00e5 d\u00e4r i min egen takt och p\u00e5ta. D\u00e5 m\u00e4rkte jag i alla fall att jag inte har tummen mitt i handen, utan man kan f\u00e5 lite gjort.\u00a0<\/p>\n<p>I stugan tillbringar han mycket tid och n\u00e4r Elofsson nu har \u00e5terh\u00e4mtat sig ordentligt har det blivit n\u00e5gra bes\u00f6k i skidsp\u00e5ret. Takterna sitter i, n\u00e5gorlunda.\u00a0<\/p>\n<p>\u2013 Inte p\u00e5 l\u00e5nga v\u00e4gar d\u00e4r man var tidigare, men man \u00e4r i alla fall s\u00e5 tr\u00e4nad p\u00e5 man orkar \u00e5ka. Jag har kommit i g\u00e5ng lite nu igen, mest f\u00f6r att man k\u00e4nner att man m\u00e5r bra av det.\u00a0<\/p>\n<p><strong>L\u00c4S MER: <\/strong><a href=\"https:\/\/www.expressen.se\/sport\/handboll\/magnus-wislander-ar-arbetslos-bor-i-sommarstugan\/\" class=\"\" rel=\"nofollow noopener\" target=\"_blank\">Magnus Wislander \u00e4r arbetsl\u00f6s \u2013 bor i sommarstugan<\/a><strong>L\u00c4S MER: <\/strong><a href=\"https:\/\/www.expressen.se\/sport\/marie-lehmanns-sorg-det-kom-sa-oerhort-ovantat\/\" class=\"\" rel=\"nofollow noopener\" target=\"_blank\">Marie Lehmanns sorg: \u201dDet kom s\u00e5 oerh\u00f6rt ov\u00e4ntat\u201d<\/a><\/p>\n","protected":false},"excerpt":{"rendered":"Han var den f\u00f6rsta historiska vinnaren av M\u00e4starnas m\u00e4stare.\u00a0 Men Per Elofsson saknas n\u00e4r flera g\u00f6r comeback. \u2013&hellip;\n","protected":false},"author":2,"featured_media":119551,"comment_status":"","ping_status":"","sticky":false,"template":"","format":"standard","meta":{"footnotes":""},"categories":[68],"tags":[12766,34,857,111,110,31,33,32,30],"class_list":{"0":"post-119550","1":"post","2":"type-post","3":"status-publish","4":"format-standard","5":"has-post-thumbnail","7":"category-sport","8":"tag-person-per-elofsson","9":"tag-se","10":"tag-sections-langdskidor","11":"tag-sport","12":"tag-sports","13":"tag-svenska","14":"tag-sverige","15":"tag-sweden","16":"tag-swedish"},"share_on_mastodon":{"url":"https:\/\/pubeurope.com\/@se\/115802375790883173","error":""},"_links":{"self":[{"href":"https:\/\/www.europesays.com\/se\/wp-json\/wp\/v2\/posts\/119550","targetHints":{"allow":["GET"]}}],"collection":[{"href":"https:\/\/www.europesays.com\/se\/wp-json\/wp\/v2\/posts"}],"about":[{"href":"https:\/\/www.europesays.com\/se\/wp-json\/wp\/v2\/types\/post"}],"author":[{"embeddable":true,"href":"https:\/\/www.europesays.com\/se\/wp-json\/wp\/v2\/users\/2"}],"replies":[{"embeddable":true,"href":"https:\/\/www.europesays.com\/se\/wp-json\/wp\/v2\/comments?post=119550"}],"version-history":[{"count":0,"href":"https:\/\/www.europesays.com\/se\/wp-json\/wp\/v2\/posts\/119550\/revisions"}],"wp:featuredmedia":[{"embeddable":true,"href":"https:\/\/www.europesays.com\/se\/wp-json\/wp\/v2\/media\/119551"}],"wp:attachment":[{"href":"https:\/\/www.europesays.com\/se\/wp-json\/wp\/v2\/media?parent=119550"}],"wp:term":[{"taxonomy":"category","embeddable":true,"href":"https:\/\/www.europesays.com\/se\/wp-json\/wp\/v2\/categories?post=119550"},{"taxonomy":"post_tag","embeddable":true,"href":"https:\/\/www.europesays.com\/se\/wp-json\/wp\/v2\/tags?post=119550"}],"curies":[{"name":"wp","href":"https:\/\/api.w.org\/{rel}","templated":true}]}}