{"id":119556,"date":"2025-12-29T10:29:30","date_gmt":"2025-12-29T10:29:30","guid":{"rendered":"https:\/\/www.europesays.com\/se\/119556\/"},"modified":"2025-12-29T10:29:30","modified_gmt":"2025-12-29T10:29:30","slug":"usa-250-ar-fran-skattegral-till-tullkrig","status":"publish","type":"post","link":"https:\/\/www.europesays.com\/se\/119556\/","title":{"rendered":"USA 250 \u00e5r: fr\u00e5n skattegr\u00e4l till tullkrig"},"content":{"rendered":"<p>Detta \u00e4r en understreckare, en f\u00f6rdjupande ess\u00e4, dagligen i SvD sedan 1918. \u00c5sikter som uttrycks \u00e4r skribentens egna.<\/p>\n<p>Jag minns den amerikanska 200-\u00e5rsdagen som i\u00a0g\u00e5r, ty jag var sj\u00e4lv d\u00e4r, mitt i Florida med familjen den 4 juli 1976. Meningen var att vi skulle bes\u00f6ka Sea World utanf\u00f6r Orlando, men p\u00e5 v\u00e4gen till bussen blev min mamma och pappa stoppade av en person fr\u00e5n hotellet, som \u00f6vertalade dem att skrinl\u00e4gga planerna p\u00e5 den kombinerade djur- och n\u00f6jesparken f\u00f6r att i\u00a0st\u00e4llet \u00e5ka med p\u00e5 en specialtur i landskapet, dagen till \u00e4ra. Intet ont anande l\u00e4t de sig luras in i vad som i sj\u00e4lva verket var ett f\u00f6rs\u00f6k att s\u00e4lja fastigheter till turister, med f\u00f6ljd att min lillebror och jag fick den tristaste dagen p\u00e5 hela semestern.<\/p>\n","protected":false},"excerpt":{"rendered":"Detta \u00e4r en understreckare, en f\u00f6rdjupande ess\u00e4, dagligen i SvD sedan 1918. \u00c5sikter som uttrycks \u00e4r skribentens egna.&hellip;\n","protected":false},"author":2,"featured_media":119557,"comment_status":"","ping_status":"","sticky":false,"template":"","format":"standard","meta":{"footnotes":""},"categories":[14],"tags":[22,23,26,27,17,21,24,25,28,29,15,16,18,34,31,33,32,30,19,20,51,52,53,54],"class_list":{"0":"post-119556","1":"post","2":"type-post","3":"status-publish","4":"format-standard","5":"has-post-thumbnail","7":"category-varlden","8":"tag-breaking-news","9":"tag-breakingnews","10":"tag-featured-news","11":"tag-featurednews","12":"tag-headlines","13":"tag-huvudnyheter","14":"tag-latest-news","15":"tag-latestnews","16":"tag-main-news","17":"tag-mainnews","18":"tag-news","19":"tag-nyheter","20":"tag-rubriker","21":"tag-se","22":"tag-svenska","23":"tag-sverige","24":"tag-sweden","25":"tag-swedish","26":"tag-top-stories","27":"tag-topstories","28":"tag-varlden","29":"tag-world","30":"tag-world-news","31":"tag-worldnews"},"share_on_mastodon":{"url":"https:\/\/pubeurope.com\/@se\/115802391390186348","error":""},"_links":{"self":[{"href":"https:\/\/www.europesays.com\/se\/wp-json\/wp\/v2\/posts\/119556","targetHints":{"allow":["GET"]}}],"collection":[{"href":"https:\/\/www.europesays.com\/se\/wp-json\/wp\/v2\/posts"}],"about":[{"href":"https:\/\/www.europesays.com\/se\/wp-json\/wp\/v2\/types\/post"}],"author":[{"embeddable":true,"href":"https:\/\/www.europesays.com\/se\/wp-json\/wp\/v2\/users\/2"}],"replies":[{"embeddable":true,"href":"https:\/\/www.europesays.com\/se\/wp-json\/wp\/v2\/comments?post=119556"}],"version-history":[{"count":0,"href":"https:\/\/www.europesays.com\/se\/wp-json\/wp\/v2\/posts\/119556\/revisions"}],"wp:featuredmedia":[{"embeddable":true,"href":"https:\/\/www.europesays.com\/se\/wp-json\/wp\/v2\/media\/119557"}],"wp:attachment":[{"href":"https:\/\/www.europesays.com\/se\/wp-json\/wp\/v2\/media?parent=119556"}],"wp:term":[{"taxonomy":"category","embeddable":true,"href":"https:\/\/www.europesays.com\/se\/wp-json\/wp\/v2\/categories?post=119556"},{"taxonomy":"post_tag","embeddable":true,"href":"https:\/\/www.europesays.com\/se\/wp-json\/wp\/v2\/tags?post=119556"}],"curies":[{"name":"wp","href":"https:\/\/api.w.org\/{rel}","templated":true}]}}