{"id":119559,"date":"2025-12-29T10:31:09","date_gmt":"2025-12-29T10:31:09","guid":{"rendered":"https:\/\/www.europesays.com\/se\/119559\/"},"modified":"2025-12-29T10:31:09","modified_gmt":"2025-12-29T10:31:09","slug":"hundratals-fortfarande-utan-strom-i-jamtlands-lan","status":"publish","type":"post","link":"https:\/\/www.europesays.com\/se\/119559\/","title":{"rendered":"Hundratals fortfarande utan str\u00f6m i J\u00e4mtlands l\u00e4n"},"content":{"rendered":"<p>\u2013 Arbetet som utf\u00f6rs \u00e4r fortfarande extremt riskfyllt, och m\u00e5nga tr\u00e4d ligger som ett kluster i varandra, men att vi har s\u00e4kerheten som f\u00f6rsta prio, s\u00e4ger regionchef vid Eon Lena Berglund.<\/p>\n<p>Arbetet med att avhj\u00e4lpa str\u00f6mavbrotten inleddes p\u00e5 s\u00f6ndagen. H\u00e4rje\u00e5ns hade flest abonnenter som drabbades av str\u00f6mavbrott.<\/p>\n<p>\u2013 V\u00e5rt \u00f6stra omr\u00e5de, \u00c5nge med omnejd \u00e4r mest drabbat, s\u00e4ger Emma Dahl, kommunikationsansvarig vid H\u00e4rje\u00e5ns.<\/p>\n<p>Efter att ha b\u00f6rjat \u00e5tg\u00e4rda problemen p\u00e5 s\u00f6ndag fick H\u00e4rje\u00e5n avbryta arbetet p\u00e5 s\u00f6ndagkv\u00e4ll.<\/p>\n<p>\u2013 Vinden tilltog och vi beh\u00f6vde t\u00e4nka p\u00e5 s\u00e4kerheten f\u00f6r v\u00e5r personal, s\u00e4ger Emma Dahl.<\/p>\n<p>Helikopterflygning \u00f6ver \u00c5nge och Sveg<\/p>\n<p>P\u00e5 m\u00e5ndagsmorgonen \u00e5terupptogs arbetet. Totalt har H\u00e4rje\u00e5n ett 60-tal mont\u00f6rer och \u201dhuggare\u201d ute i f\u00e4lt.<\/p>\n<p>\u2013 Vi kommer ocks\u00e5 att flyga helikopter \u00f6ver \u00c5nge och Sveg och det p\u00e5 ganska l\u00e5g niv\u00e5. Det kan medf\u00f6ra en hel del buller. Men vi flyger f\u00f6r att snabbt f\u00e5 en \u00f6verblick \u00f6ver hur l\u00e4get ser ut och var vi kan beh\u00f6va s\u00e4tta in \u00e5tg\u00e4rder, s\u00e4ger Emma Dahl.<\/p>\n<p>Det \u00e4r oklart n\u00e4r samtliga str\u00f6mavbrott kan vara \u00e5tg\u00e4rdade, men f\u00f6rhoppningen \u00e4r att s\u00e5 m\u00e5nga som m\u00f6jligt ska ha str\u00f6mmen \u00e5ter under m\u00e5ndagen.<\/p>\n<p>\u00c4ven Eon och J\u00e4mtkrafts kunder har drabbats av str\u00f6mavbrott. P\u00e5 m\u00e5ndagsf\u00f6rmiddagen var fortfarande 23 av Eons abonnenter utan str\u00f6m i l\u00e4net, samtidigt var \u00f6ver 4000 av Eons kunder i V\u00e4sternorrlands l\u00e4n utan str\u00f6m.<\/p>\n","protected":false},"excerpt":{"rendered":"\u2013 Arbetet som utf\u00f6rs \u00e4r fortfarande extremt riskfyllt, och m\u00e5nga tr\u00e4d ligger som ett kluster i varandra, men&hellip;\n","protected":false},"author":2,"featured_media":119560,"comment_status":"","ping_status":"","sticky":false,"template":"","format":"standard","meta":{"footnotes":""},"categories":[5],"tags":[22,23,26,27,17,21,24,25,28,29,15,16,18,34,31,33,32,30,19,20],"class_list":{"0":"post-119559","1":"post","2":"type-post","3":"status-publish","4":"format-standard","5":"has-post-thumbnail","7":"category-rubriker","8":"tag-breaking-news","9":"tag-breakingnews","10":"tag-featured-news","11":"tag-featurednews","12":"tag-headlines","13":"tag-huvudnyheter","14":"tag-latest-news","15":"tag-latestnews","16":"tag-main-news","17":"tag-mainnews","18":"tag-news","19":"tag-nyheter","20":"tag-rubriker","21":"tag-se","22":"tag-svenska","23":"tag-sverige","24":"tag-sweden","25":"tag-swedish","26":"tag-top-stories","27":"tag-topstories"},"share_on_mastodon":{"url":"https:\/\/pubeurope.com\/@se\/115802399263450526","error":""},"_links":{"self":[{"href":"https:\/\/www.europesays.com\/se\/wp-json\/wp\/v2\/posts\/119559","targetHints":{"allow":["GET"]}}],"collection":[{"href":"https:\/\/www.europesays.com\/se\/wp-json\/wp\/v2\/posts"}],"about":[{"href":"https:\/\/www.europesays.com\/se\/wp-json\/wp\/v2\/types\/post"}],"author":[{"embeddable":true,"href":"https:\/\/www.europesays.com\/se\/wp-json\/wp\/v2\/users\/2"}],"replies":[{"embeddable":true,"href":"https:\/\/www.europesays.com\/se\/wp-json\/wp\/v2\/comments?post=119559"}],"version-history":[{"count":0,"href":"https:\/\/www.europesays.com\/se\/wp-json\/wp\/v2\/posts\/119559\/revisions"}],"wp:featuredmedia":[{"embeddable":true,"href":"https:\/\/www.europesays.com\/se\/wp-json\/wp\/v2\/media\/119560"}],"wp:attachment":[{"href":"https:\/\/www.europesays.com\/se\/wp-json\/wp\/v2\/media?parent=119559"}],"wp:term":[{"taxonomy":"category","embeddable":true,"href":"https:\/\/www.europesays.com\/se\/wp-json\/wp\/v2\/categories?post=119559"},{"taxonomy":"post_tag","embeddable":true,"href":"https:\/\/www.europesays.com\/se\/wp-json\/wp\/v2\/tags?post=119559"}],"curies":[{"name":"wp","href":"https:\/\/api.w.org\/{rel}","templated":true}]}}