{"id":119563,"date":"2025-12-29T10:34:34","date_gmt":"2025-12-29T10:34:34","guid":{"rendered":"https:\/\/www.europesays.com\/se\/119563\/"},"modified":"2025-12-29T10:34:34","modified_gmt":"2025-12-29T10:34:34","slug":"legendariska-filmstjarnan-brigitte-bardot-dod","status":"publish","type":"post","link":"https:\/\/www.europesays.com\/se\/119563\/","title":{"rendered":"Legendariska filmstj\u00e4rnan Brigitte Bardot d\u00f6d"},"content":{"rendered":"<p>Brigitte Bardot avled i sitt hem i s\u00f6dra Frankrike uppger sk\u00e5despelarens stiftelse f\u00f6r nyhetsbyr\u00e5n AP. Stj\u00e4rnan var inlagd p\u00e5 sjukhus flera g\u00e5nger i h\u00f6stas, men dementerade d\u00e5 kraftfullt medieuppgifter om att hon skulle vara d\u00f6ende. Frankrikes president Emmanuel Macron j\u00e4mf\u00f6r p\u00e5 X Brigitte Bardot med den franska nationalsymbolen Marianne. \u201dBrigitte Bardot f\u00f6rkroppslig<\/p>\n","protected":false},"excerpt":{"rendered":"Brigitte Bardot avled i sitt hem i s\u00f6dra Frankrike uppger sk\u00e5despelarens stiftelse f\u00f6r nyhetsbyr\u00e5n AP. Stj\u00e4rnan var inlagd&hellip;\n","protected":false},"author":2,"featured_media":119564,"comment_status":"","ping_status":"","sticky":false,"template":"","format":"standard","meta":{"footnotes":""},"categories":[67],"tags":[104,34,31,33,32,30,105],"class_list":{"0":"post-119563","1":"post","2":"type-post","3":"status-publish","4":"format-standard","5":"has-post-thumbnail","7":"category-underhallning","8":"tag-entertainment","9":"tag-se","10":"tag-svenska","11":"tag-sverige","12":"tag-sweden","13":"tag-swedish","14":"tag-underhallning"},"share_on_mastodon":{"url":"https:\/\/pubeurope.com\/@se\/115802411025782508","error":""},"_links":{"self":[{"href":"https:\/\/www.europesays.com\/se\/wp-json\/wp\/v2\/posts\/119563","targetHints":{"allow":["GET"]}}],"collection":[{"href":"https:\/\/www.europesays.com\/se\/wp-json\/wp\/v2\/posts"}],"about":[{"href":"https:\/\/www.europesays.com\/se\/wp-json\/wp\/v2\/types\/post"}],"author":[{"embeddable":true,"href":"https:\/\/www.europesays.com\/se\/wp-json\/wp\/v2\/users\/2"}],"replies":[{"embeddable":true,"href":"https:\/\/www.europesays.com\/se\/wp-json\/wp\/v2\/comments?post=119563"}],"version-history":[{"count":0,"href":"https:\/\/www.europesays.com\/se\/wp-json\/wp\/v2\/posts\/119563\/revisions"}],"wp:featuredmedia":[{"embeddable":true,"href":"https:\/\/www.europesays.com\/se\/wp-json\/wp\/v2\/media\/119564"}],"wp:attachment":[{"href":"https:\/\/www.europesays.com\/se\/wp-json\/wp\/v2\/media?parent=119563"}],"wp:term":[{"taxonomy":"category","embeddable":true,"href":"https:\/\/www.europesays.com\/se\/wp-json\/wp\/v2\/categories?post=119563"},{"taxonomy":"post_tag","embeddable":true,"href":"https:\/\/www.europesays.com\/se\/wp-json\/wp\/v2\/tags?post=119563"}],"curies":[{"name":"wp","href":"https:\/\/api.w.org\/{rel}","templated":true}]}}