{"id":119568,"date":"2025-12-29T10:38:18","date_gmt":"2025-12-29T10:38:18","guid":{"rendered":"https:\/\/www.europesays.com\/se\/119568\/"},"modified":"2025-12-29T10:38:18","modified_gmt":"2025-12-29T10:38:18","slug":"sa-ska-socialsekreterare-slippa-pruta-pa-hvb-placeringar","status":"publish","type":"post","link":"https:\/\/www.europesays.com\/se\/119568\/","title":{"rendered":"S\u00e5 ska socialsekreterare slippa pruta p\u00e5 HVB-placeringar"},"content":{"rendered":"<p class=\"ort\">Stockholm<\/p>\n<p class=\"text\">Varje \u00e5r placerar Stockholms stad runt 300 barn och unga p\u00e5 HVB-hem. Men mer \u00e4n h\u00e4lften av placeringarna sker utanf\u00f6r stadens ramavtal. Anledningen: Platserna tar slut.<\/p>\n<p class=\"text\">N\u00e4r det h\u00e4nder tvingas socialsekreterare g\u00f6ra individuella placeringar. De ringer runt till olika HVB-hem, letar lediga platser och f\u00f6rhandlar priser sj\u00e4lva.<\/p>\n<p class=\"text\">Det resulterar i att samma typ av placering kan kosta helt olika \u2013 baserat p\u00e5 socialsekreterarens f\u00f6rhandlingsf\u00f6rm\u00e5ga, ber\u00e4ttar Alexander Ojanne (S), socialborgarr\u00e5d. Men snart ska det f\u00f6r\u00e4ndras.<\/p>\n<p>\u201dInte fastna i byr\u00e5krati\u201d<\/p>\n<p class=\"text\">Fr\u00e5n och med n\u00e4sta \u00e5r ska d\u00e4rf\u00f6r en ny grupp b\u00f6rja arbeta med att enbart upphandla och organisera placeringarna. Socialsekreteraren ska fortfarande avg\u00f6ra om ett barn beh\u00f6ver placeras \u2013 men slipper prisf\u00f6rhandlingar och kontrakt.<\/p>\n<p class=\"text\">\u2013 Socialsekreterare ska \u00e4gna sig \u00e5t socialt arbete, inte fastna i administration och byr\u00e5krati, s\u00e4ger Alexander Ojanne.<\/p>\n<p><img decoding=\"async\" class=\"Image Image_\" src=\"\" data-aghref=\"http:\/\/www.mitti.se\/image-3.322573.269510.20251229083322.a0d4ccbfc8\" data-agimagetype=\"hardcrop\" alt=\"&quot;Vi beh\u00f6ver ta krafttag f\u00f6r att stoppa de kriminella placeringarna,&quot; s\u00e4ger Alexander Ojanne (S).\"\/><\/p>\n<p class=\"Caption\">&#8221;Vi beh\u00f6ver ta krafttag f\u00f6r att stoppa de kriminella placeringarna,&#8221; s\u00e4ger Alexander Ojanne (S).<\/p>\n<p class=\"Source\">Emma L\u00f6f Hagstr\u00f6m<\/p>\n<p class=\"text\">Centraliseringen handlar inte bara om att spara pengar. Enligt Ojanne minskar den ocks\u00e5 risken f\u00f6r att barn placeras p\u00e5 HVB-hem med l\u00e5g kvalitet eller kopplingar till kriminalitet.<\/p>\n<p class=\"text\">\u2013\u00a0N\u00e4r varje socialsekreterare har sin egen pusselbit f\u00e5r vi ingen helhetsbild. N\u00e4r vi f\u00e5r mer samsyn i vad som fungerar och inte, blir det l\u00e4ttare med uppf\u00f6ljning och b\u00e4ttre kvalitet.<\/p>\n<p class=\"citat\">Ingen helhetsbild.<\/p>\n<p>Familjehem samlas<\/p>\n<p class=\"text\">N\u00e4r det g\u00e4ller en annan typ av placering \u2013\u00a0familjehem \u2013 \u00e4r bristen stor och v\u00e4ntetiderna l\u00e5nga. F\u00f6r att komma till r\u00e4tta med det, kommer \u00e4ven familjehemmen att centraliseras.<\/p>\n<p class=\"faktarubrik\">V\u00e4ntat \u00f6ver tv\u00e5 \u00e5r<\/p>\n<p class=\"fakta\">I Stockholms stad var medianv\u00e4ntetiden f\u00f6r att placera barn och unga i familjehem cirka 15 m\u00e5nader under 2022. F\u00f6r 26 procent av \u00e4rendena var v\u00e4ntetiden l\u00e4ngre \u00e4n tv\u00e5 \u00e5r.<\/p>\n<p class=\"fakta\">Revisorer har ocks\u00e5 granskat tre stadsdelsn\u00e4mnders v\u00e4ntetider under 2024: medianv\u00e4ntetiden var 9 m\u00e5nader i H\u00e4gersten-\u00c4lvsj\u00f6, 15 m\u00e5nader i Sk\u00e4rholmen och 6-12 m\u00e5nader i J\u00e4rva. <\/p>\n<p class=\"fakta\">Under v\u00e4ntetiden placeras barn oftast i jourhem, d\u00e4r vistelsetiden enligt socialtj\u00e4nstlagen inte b\u00f6r \u00f6verstiga sex m\u00e5nader. P\u00e5 grund av den stora bristen p\u00e5 familjehem blir dock m\u00e5nga barn kvar l\u00e4ngre i jourhem.<\/p>\n<p class=\"faktakalla\">K\u00e4lla: Stadsrevisionens rapport &#8221;Placering av barn och unga i familjehem&#8221;, 2025<\/p>\n<p class=\"text\">\u2013\u00a0Om vi samlar familjehemmen p\u00e5 en central niv\u00e5, i st\u00e4llet f\u00f6r att varje stadsdel har sina egna, kan vi utnyttja resurserna mer effektivt. I dag kan ett familjehem st\u00e5 tomt, medan en stadsdel har l\u00e5ng k\u00f6, f\u00f6rklarar Ojanne.<\/p>\n<p>50 miljoner skjuts till<\/p>\n<p class=\"text\">Samtidigt har kostnaderna f\u00f6r placeringar under en l\u00e4ngre tid skjutit i h\u00f6jden. I Farsta v\u00e4ntas barn- och ungdomsenheten g\u00e5 back 20,6 miljoner kronor 2025, d\u00e4r dyra placeringar \u00e4r en huvudorsak.<\/p>\n<p class=\"text\">D\u00e4rf\u00f6r l\u00e4gger staden 50 miljoner kronor extra 2026 som ska f\u00f6rdelas efter behov.<\/p>\n<p class=\"text\">Men r\u00e4cker det?<\/p>\n<p class=\"text\">\u2013 Det kommer t\u00e4cka behovet. Vi l\u00e4gger \u00e4ven 100 miljoner p\u00e5 f\u00f6rebyggande arbete och schablon\u00f6kningar f\u00f6r att st\u00e4rka det sociala arbetet i stort. N\u00e4stan alla stadsdelar har en budget i balans.<\/p>\n<p class=\"faktarubrik\">S\u00e5 vill (S)tyret g\u00f6ra om placeringarna<\/p>\n<p class=\"fakta\">\u00d6ppna ett till HVB-hem i egen regi.<\/p>\n<p class=\"fakta\">Starta en ny central grupp f\u00f6r att organisera och upphandla placeringarna av barn och unga.<\/p>\n<p class=\"fakta\">Tillf\u00f6ra 50 miljoner kronor f\u00f6r att t\u00e4cka de \u00f6kade kostnaderna f\u00f6r placeringar.<\/p>\n<p class=\"faktakalla\">K\u00e4lla: Stockholms stad<\/p>\n","protected":false},"excerpt":{"rendered":"Stockholm Varje \u00e5r placerar Stockholms stad runt 300 barn och unga p\u00e5 HVB-hem. Men mer \u00e4n h\u00e4lften av&hellip;\n","protected":false},"author":2,"featured_media":119569,"comment_status":"","ping_status":"","sticky":false,"template":"","format":"standard","meta":{"footnotes":""},"categories":[12],"tags":[22,23,26,27,17,21,24,25,28,29,15,16,18,34,31,33,32,30,19,20],"class_list":{"0":"post-119568","1":"post","2":"type-post","3":"status-publish","4":"format-standard","5":"has-post-thumbnail","7":"category-sverige","8":"tag-breaking-news","9":"tag-breakingnews","10":"tag-featured-news","11":"tag-featurednews","12":"tag-headlines","13":"tag-huvudnyheter","14":"tag-latest-news","15":"tag-latestnews","16":"tag-main-news","17":"tag-mainnews","18":"tag-news","19":"tag-nyheter","20":"tag-rubriker","21":"tag-se","22":"tag-svenska","23":"tag-sverige","24":"tag-sweden","25":"tag-swedish","26":"tag-top-stories","27":"tag-topstories"},"share_on_mastodon":{"url":"https:\/\/pubeurope.com\/@se\/115802426935755895","error":""},"_links":{"self":[{"href":"https:\/\/www.europesays.com\/se\/wp-json\/wp\/v2\/posts\/119568","targetHints":{"allow":["GET"]}}],"collection":[{"href":"https:\/\/www.europesays.com\/se\/wp-json\/wp\/v2\/posts"}],"about":[{"href":"https:\/\/www.europesays.com\/se\/wp-json\/wp\/v2\/types\/post"}],"author":[{"embeddable":true,"href":"https:\/\/www.europesays.com\/se\/wp-json\/wp\/v2\/users\/2"}],"replies":[{"embeddable":true,"href":"https:\/\/www.europesays.com\/se\/wp-json\/wp\/v2\/comments?post=119568"}],"version-history":[{"count":0,"href":"https:\/\/www.europesays.com\/se\/wp-json\/wp\/v2\/posts\/119568\/revisions"}],"wp:featuredmedia":[{"embeddable":true,"href":"https:\/\/www.europesays.com\/se\/wp-json\/wp\/v2\/media\/119569"}],"wp:attachment":[{"href":"https:\/\/www.europesays.com\/se\/wp-json\/wp\/v2\/media?parent=119568"}],"wp:term":[{"taxonomy":"category","embeddable":true,"href":"https:\/\/www.europesays.com\/se\/wp-json\/wp\/v2\/categories?post=119568"},{"taxonomy":"post_tag","embeddable":true,"href":"https:\/\/www.europesays.com\/se\/wp-json\/wp\/v2\/tags?post=119568"}],"curies":[{"name":"wp","href":"https:\/\/api.w.org\/{rel}","templated":true}]}}