{"id":119570,"date":"2025-12-29T10:39:15","date_gmt":"2025-12-29T10:39:15","guid":{"rendered":"https:\/\/www.europesays.com\/se\/119570\/"},"modified":"2025-12-29T10:39:15","modified_gmt":"2025-12-29T10:39:15","slug":"blandad-veckooppning-i-asien-svenska-sparare-flyttade-hem-pengar-till-sverige-elnatsmonopolen-gor-reklam-for-sina-hojda-elnatpriser","status":"publish","type":"post","link":"https:\/\/www.europesays.com\/se\/119570\/","title":{"rendered":"Blandad vecko\u00f6ppning i Asien \u2013 svenska sparare flyttade hem pengar till Sverige \u2013 eln\u00e4tsmonopolen g\u00f6r reklam f\u00f6r sina h\u00f6jda eln\u00e4tpriser"},"content":{"rendered":"<p>\t\t\t374<\/p>\n<p>Denna artikel inneh\u00e5ller reklaml\u00e4nkar f\u00f6r <a href=\"https:\/\/track.adtraction.com\/t\/t?a=1638574048&amp;as=1694462054&amp;t=2&amp;tk=1\" rel=\"nofollow noopener\" target=\"_blank\">Lysa, min huvudsakliga tj\u00e4nst f\u00f6r sparande, b\u00e5de privat (reklaml\u00e4nk)<\/a> och <a href=\"https:\/\/lysa.se\/cornucopia\/\" rel=\"nofollow noopener\" target=\"_blank\">f\u00f6r f\u00f6retaget (reklaml\u00e4nk)<\/a>.<\/p>\n<p>B\u00f6rserna i de asiatiska tidszonerna inleder \u00e5rets sista b\u00f6rsvecka blandat. Svenska sparare (eng retail) flyttade hem pengar till Sverige i december och k\u00f6pte Sverigefonder enligt Nordnet och Avanza. Efter att ha g\u00e5tt p\u00e5 bio ig\u00e5r kan jag konstatera att eln\u00e4tsmonopol som Ellevio, G\u00f6teborg Energi och E.On betalar f\u00f6r reklam f\u00f6r sina h\u00f6jda eln\u00e4tpriser, trots att kunderna inte har n\u00e5got annat val \u00e4n att betala.<\/p>\n<p><img loading=\"lazy\" decoding=\"async\" width=\"2048\" height=\"1365\" src=\"https:\/\/www.europesays.com\/se\/wp-content\/uploads\/2025\/12\/landet_sno_svensk_flagga_grill_weber_altan-2048x1365.jpg\" alt=\"\" class=\"wp-image-166846\"  \/>Sverige, Sverige \u00e4lskade land i december<\/p>\n<p>Stockholmsb\u00f6rsen gick +1.29% under julveckan, iaf f\u00f6r storbolagsindex OMXS30 och ordningen \u00e5terst\u00e4lldes med att breda OMXSPI gick s\u00e4mre med +1.18%. Kronan har st\u00e4rkts rej\u00e4lt till 9:17 SEK f\u00f6r USD och 10:79 SEK f\u00f6r EUR, medan guldet \u00e4r ner lite fr\u00e5n sitt prisrekord och g\u00e5r p\u00e5 1 318:- SEK per gram.<\/p>\n<p>I USA gick b\u00f6rsindexen +1.40% f\u00f6r S&amp;P-500 som slog b\u00f6rsrekord medan tekniktunga Nasdaq gick +1.18%. Techbroligarkernas (broligark blev ett av \u00e5rets nyord, men jag \u00e4r lite os\u00e4ker p\u00e5 om n\u00e5gon annan \u00e4n den h\u00e4r bloggen anv\u00e4nder ordet regelbundet och s\u00f6ker man p\u00e5 \u201ctechbroligark\u201d med citattecken <a href=\"https:\/\/cornucopia.se\/2025\/03\/foton-superyachtsafari-pa-leeward-islands\/\" rel=\"nofollow noopener\" target=\"_blank\">kommer denna artikeln upp \u00f6verst p\u00e5 Google<\/a>, s\u00e5 lite konstigt val av nyord, det \u00e4r ju knappast s\u00e5 att Spr\u00e5kr\u00e5det l\u00e4ser den h\u00e4r bloggen eller ens f\u00f6rfattaren, och dessutom \u00e4r techbroligark skild fr\u00e5n broligark) FANANGST-aktier steg generellt, med Nvidia som vinnaren med +5.27% och Tesla som f\u00f6rloraren med -1.25%.<\/p>\n<p><a href=\"https:\/\/edition.cnn.com\/markets\/fear-and-greed\" rel=\"nofollow noopener\" target=\"_blank\">CNN:s Fear &amp; Greed-index<\/a> liggerp p\u00e5 greed, vilket allts\u00e5 inneb\u00e4r att b\u00f6rserna b\u00f6r stiga mer.<\/p>\n<p><a href=\"https:\/\/track.adtraction.com\/t\/t?a=1638574048&amp;as=1694462054&amp;t=2&amp;tk=1\" rel=\"nofollow noopener\" target=\"_blank\">Lysa, min huvudsakliga sparform b\u00e5de privat (reklaml\u00e4nk)<\/a> via ISK och <a href=\"https:\/\/lysa.se\/cornucopia\/\" rel=\"nofollow noopener\" target=\"_blank\">f\u00f6r mitt bolag via kapitalf\u00f6rs\u00e4kring (reklaml\u00e4nk)<\/a>, gick +0.70% senaste veckan trots dollarf\u00f6rsvagningen och ligger n\u00e4ra sin rekordniv\u00e5 men har g\u00e5tt m\u00e5ttliga +2.34% i \u00e5r f\u00f6r f\u00f6retaget och +3.43% privat, d\u00e4r olika tidpunkter f\u00f6r ins\u00e4ttningar p\u00e5verkar. Min aktivaste fondportf\u00f6lj har g\u00e5tt +12.01% i \u00e5r och tappat rej\u00e4lt mot OMXSGI under november \u2013 december, och OMXSGI ligger nu p\u00e5 +18.28% i \u00e5r. Avanzianens snitt ligger p\u00e5 +7.38%. S\u00e5 Stockholmsb\u00f6rsen har onekligen g\u00e5tt riktigt bra i \u00e5r, och det \u00e4r medr\u00e4knat valutaeffekter. S&amp;P-500 med +17.82% \u00e4r or\u00e4knat valutan, och d\u00e5 dollarn g\u00e5tt -16.81% landar man mer likt Lysaportf\u00f6ljen.<\/p>\n<p>B\u00f6rsveckan inleds dock blandat i de asiatiska tidszonerna. Tolkyo verkar st\u00e4ngt enligt min ticker, men ASX 200 g\u00e5r -0.42%, Hang Seng -0.63%, KOSPI +2.20% st\u00e4ndigt p\u00e5 sydkoreanska manodepressiva droger och Straits Times g\u00e5r +0.06% i skrivande stund.<\/p>\n<p><img loading=\"lazy\" decoding=\"async\" width=\"2048\" height=\"1536\" src=\"https:\/\/www.europesays.com\/se\/wp-content\/uploads\/2025\/12\/stockholm_drottninggatan_folk-2-2048x1536.jpeg\" alt=\"\" class=\"wp-image-162516\"  \/>Svenska sparare, n\u00e5gra av dem iaf<\/p>\n<p>Bloggen avskyr som bekant det neds\u00e4ttande uttrycket sm\u00e5sparare som \u00e4r svenska ben\u00e4mningen p\u00e5 retail i investeringsv\u00e4rlden, dvs hush\u00e5llen i samma bem\u00e4rkelse som retail betyder detaljhandel i kontrast mot f\u00f6retagens partihandeln. Sparare \u00e4r ett b\u00e4ttre uttryck, vilket dels inte avf\u00e4rdar dem som n\u00e5got litet och sm\u00e5tt och dels \u00e4r mer inkluderande. \u00c4r man en sm\u00e5sparare om man som inte s\u00e5 f\u00e5 har flera miljoner i tj\u00e4nstepensionskapital? Var g\u00e5r gr\u00e4nsen f\u00f6r att vara en sm\u00e5sparare? N\u00e4, sparar man privat \u00e5t sig sj\u00e4lv \u00e4r man en sparare oavsett kapitalm\u00e4ngd och att spara \u00e4r bra och inget som neds\u00e4ttande ska kallas sm\u00e5. Punkt. Handlar man professionellt via f\u00f6retag och f\u00f6rvaltar pengar \u00e5t andra inklusive del\u00e4gare \u00e4r man inte sm\u00e5sparare. Typ.<\/p>\n<p>Iaf rapporterar <a href=\"https:\/\/mfn.se\/a\/avanza-bank-holding\/december-guldfeber-och-hemlangtan-bland-fondspararna\" rel=\"nofollow noopener\" target=\"_blank\">Avanza<\/a> och <a href=\"https:\/\/mfn.se\/cis\/a\/nordnet\/nordnet-fondhandel-i-december-sverige-tar-plats-i-portfoljerna-infor-2026-543af4aa\" rel=\"nofollow noopener\" target=\"_blank\">Nordnet<\/a> att de svenska spararna gick in i Sverigefonder i december.<\/p>\n<p>Avanza skriver:<\/p>\n<blockquote class=\"wp-block-quote is-layout-flow wp-block-quote-is-layout-flow\">\n<p>\u201cSverigefonder \u00e4r b\u00e5de decembers och hela \u00e5rets mest nettok\u00f6pta fondkategori. De st\u00e5r f\u00f6r omkring en fj\u00e4rdedel av nettok\u00f6pen 2025, vilket \u00e4r stor skillnad j\u00e4mf\u00f6rt med f\u00f6rra \u00e5ret d\u00e5 globalfonder stod f\u00f6r mer \u00e4n h\u00e4lften av det som nettok\u00f6ptes \u2013 och Sverigefonder endast f\u00f6r cirka 8 procent. Det \u00e4r verkligen en helomv\u00e4ndning bland fondspararna och s\u00e4rskild \u00f6kning mot svensk exponering har skett de senaste tre m\u00e5naderna \u2013 en tydlig positionering mot n\u00e4sta \u00e5r.\u201d<\/p>\n<\/blockquote>\n<p><a href=\"https:\/\/mfn.se\/cis\/a\/nordnet\/nordnet-fondhandel-i-december-sverige-tar-plats-i-portfoljerna-infor-2026-543af4aa\" rel=\"nofollow noopener\" target=\"_blank\">Nordnet i sin tur s\u00e4ger<\/a>:<\/p>\n<blockquote class=\"wp-block-quote is-layout-flow wp-block-quote-is-layout-flow\">\n<p>\u201cFondspararna tror p\u00e5 ett lyft f\u00f6r svensk ekonomi 2026, som en f\u00f6ljd av \u00f6kad k\u00f6pkraft hos hush\u00e5llen och en industriproduktion som v\u00e4nder upp. B\u00e5de bank och cykliskt har presterat v\u00e4l under 2025, men det finns en tro att dessa f\u00f6r Stockholmsb\u00f6rsen s\u00e5 tongivande sektorer kan forts\u00e4tta leverera. Kanske finns hopp om att \u00e4ven pressade sektorer som konsument och fastigheter f\u00e5r ett uppsving 2026, f\u00f6rutsatt att svensk ekonomi g\u00e5r mot ljusare tider.\u201d<\/p>\n<\/blockquote>\n<p>M\u00f6jligt att spararna insett att globalfonder betyder att man investerar i USA. Eller s\u00e5 \u00e4r det ett konjunkturtecken att man b\u00f6rjar tro \u00e4ven p\u00e5 Sveriges ekonomi.<\/p>\n<p>Kollektivet spararna \u00e4r inte dumma i huvudet. Sverigefonder \u00e4r som sagt bland de b\u00e4sta i \u00e5r, och iaf avsev\u00e4rt b\u00e4ttre \u00e4n \u201cdet \u00e4r s\u00e4krast att investera brett i en globalfond (=amerikansk tech och finans)\u201d.<\/p>\n<p><img loading=\"lazy\" decoding=\"async\" width=\"2048\" height=\"1365\" src=\"https:\/\/www.europesays.com\/se\/wp-content\/uploads\/2025\/12\/goteborg_energi_fossilgas_rya_kraftvarmeverk_fartyg.jpeg\" alt=\"\" class=\"wp-image-1955\"\/>Rya fossilgaskraftv\u00e4rmeverk i G\u00f6teborg<\/p>\n<p>Bloggaren bevistade storspektaklet Avatar i 3D ig\u00e5r och reklamen innan filmen dominerades av <strong>eln\u00e4tbolagen som gjorde reklam f\u00f6r sina monopol och att de chockh\u00f6jer eln\u00e4tavgifterna.<\/strong> Tydligen beh\u00f6ver monopol g\u00f6ra reklam. \u00c5tminstone Ellevio, E.On och G\u00f6teborg Energi.<\/p>\n<p>Verkar n\u00e4stan som de fattar att deras skyh\u00f6ga h\u00f6jningar av avgifterna beh\u00f6ver motiveras och s\u00e5ledes l\u00e4gger sina monopolpengar p\u00e5 detta. Annars \u00e4r det ju faktiskt bara att h\u00e5lla k\u00e4ften och betala din eln\u00e4tavgift. Alternativet \u00e4r att inte ha el alls.<\/p>\n<p>\u00d6ht fascinerande att monopol som Systembolaget eller eln\u00e4tbolagen alls g\u00f6r reklam. Luktar d\u00e5ligt samvete och d\u00e5ligt sj\u00e4lvf\u00f6rtroende tycker den h\u00e4r bloggaren.<\/p>\n<p><strong>Extra ironiskt \u00e4r det ju att Ellevio g\u00f6r reklam f\u00f6r sina stabila och trygga eln\u00e4t n\u00e4r tiotusentals elkunder blev utan str\u00f6m i stormen Johannes i helgen.<\/strong><\/p>\n<p>Det mer intressanta med Avatar 3: Fire and Ash kanske kan diskuteras. Totalt sluts\u00e5lt \u00f6verallt, s\u00e5 det lyckades bli en f\u00f6rest\u00e4llning 19:30 p\u00e5 en s\u00f6ndag f\u00f6r att f\u00e5 biljetter p\u00e5 Bergakungen i G\u00f6teborg. Vilket betyder att man var ute ur salongen runt 23. Men fullsatt \u00e4nd\u00e5.<\/p>\n<p>Ska filmen sammanfattas s\u00e5 \u00e4r den Avatar 1 multiplicerat med Avatar 2, och ett enormt actionspektakel, med kanske filmhistoriens mest spektakul\u00e4ra slutstrid. Slutstriden \u2013 eller rent av hela filmen \u2013 har \u00e4ven potential f\u00f6r att kunna ses upprepade g\u00e5nger av samma biobes\u00f6kare som Disneys Fantasia, vilket f\u00f6rmodligen kan expandera sinnet och upplevelsen. Sedan \u00e4r James Cameron v\u00e4ldigt James Cameron. Vilket inte \u00e4r d\u00e5ligt om man gillar popcorn. Imponerande att trolla fram tre och en halv timme film utan att man blir uttr\u00e5kad, om \u00e4n bitvis v\u00e4ldigt Cameron-by-numbers. Det enda som saknades var alls\u00e5ngen. Kanske klipptes bort likt i The Abuse. Och smurfsex i filmen \u2026<\/p>\n<p>Investeringar i v\u00e4rdepapper och fonder inneb\u00e4r alltid en risk. En investering kan b\u00e5de \u00f6ka och minska i v\u00e4rde och det \u00e4r inte s\u00e4kert att du f\u00e5r tillbaka det investerade kapitalet.<\/p>\n<p>Nedanst\u00e5ende \u00e4r inneh\u00e5ll fr\u00e5n bloggens samarbetspartner Compricer<br \/><\/p>\n","protected":false},"excerpt":{"rendered":"374 Denna artikel inneh\u00e5ller reklaml\u00e4nkar f\u00f6r Lysa, min huvudsakliga tj\u00e4nst f\u00f6r sparande, b\u00e5de privat (reklaml\u00e4nk) och f\u00f6r f\u00f6retaget&hellip;\n","protected":false},"author":2,"featured_media":119571,"comment_status":"","ping_status":"","sticky":false,"template":"","format":"standard","meta":{"footnotes":""},"categories":[5],"tags":[22,23,26,27,17,21,24,25,28,29,15,16,18,34,31,33,32,30,19,20],"class_list":{"0":"post-119570","1":"post","2":"type-post","3":"status-publish","4":"format-standard","5":"has-post-thumbnail","7":"category-rubriker","8":"tag-breaking-news","9":"tag-breakingnews","10":"tag-featured-news","11":"tag-featurednews","12":"tag-headlines","13":"tag-huvudnyheter","14":"tag-latest-news","15":"tag-latestnews","16":"tag-main-news","17":"tag-mainnews","18":"tag-news","19":"tag-nyheter","20":"tag-rubriker","21":"tag-se","22":"tag-svenska","23":"tag-sverige","24":"tag-sweden","25":"tag-swedish","26":"tag-top-stories","27":"tag-topstories"},"share_on_mastodon":{"url":"https:\/\/pubeurope.com\/@se\/115802430717703984","error":""},"_links":{"self":[{"href":"https:\/\/www.europesays.com\/se\/wp-json\/wp\/v2\/posts\/119570","targetHints":{"allow":["GET"]}}],"collection":[{"href":"https:\/\/www.europesays.com\/se\/wp-json\/wp\/v2\/posts"}],"about":[{"href":"https:\/\/www.europesays.com\/se\/wp-json\/wp\/v2\/types\/post"}],"author":[{"embeddable":true,"href":"https:\/\/www.europesays.com\/se\/wp-json\/wp\/v2\/users\/2"}],"replies":[{"embeddable":true,"href":"https:\/\/www.europesays.com\/se\/wp-json\/wp\/v2\/comments?post=119570"}],"version-history":[{"count":0,"href":"https:\/\/www.europesays.com\/se\/wp-json\/wp\/v2\/posts\/119570\/revisions"}],"wp:featuredmedia":[{"embeddable":true,"href":"https:\/\/www.europesays.com\/se\/wp-json\/wp\/v2\/media\/119571"}],"wp:attachment":[{"href":"https:\/\/www.europesays.com\/se\/wp-json\/wp\/v2\/media?parent=119570"}],"wp:term":[{"taxonomy":"category","embeddable":true,"href":"https:\/\/www.europesays.com\/se\/wp-json\/wp\/v2\/categories?post=119570"},{"taxonomy":"post_tag","embeddable":true,"href":"https:\/\/www.europesays.com\/se\/wp-json\/wp\/v2\/tags?post=119570"}],"curies":[{"name":"wp","href":"https:\/\/api.w.org\/{rel}","templated":true}]}}