{"id":119576,"date":"2025-12-29T10:44:07","date_gmt":"2025-12-29T10:44:07","guid":{"rendered":"https:\/\/www.europesays.com\/se\/119576\/"},"modified":"2025-12-29T10:44:07","modified_gmt":"2025-12-29T10:44:07","slug":"vision-drog-tillbaka-blockad-mot-teslas-etablering-i-kalmar","status":"publish","type":"post","link":"https:\/\/www.europesays.com\/se\/119576\/","title":{"rendered":"Vision drog tillbaka blockad mot Teslas etablering i Kalmar"},"content":{"rendered":"<p>Det var i b\u00f6rjan av december som fackf\u00f6rbundet Vision<a href=\"https:\/\/www.svt.se\/nyheter\/lokalt\/smaland\/blockad-mot-teslas-planer-i-kalmar\" rel=\"nofollow noopener\" target=\"_blank\"> varslade om blockad i Kalmar<\/a> till st\u00f6d f\u00f6r IF Metalls konflikt med Tesla. Den riktade sig mot kommunens handl\u00e4ggare som skulle f\u00f6rbereda beslut om Teslas planerade anl\u00e4ggningar i staden. Men strids\u00e5t\u00e4gerderna drogs tillbaka.<\/p>\n<p>I ett mejl till SVT skriver Visions pressekreterare Helena Mehra\u00a0: <\/p>\n<p>\u201dEfter dialog mellan Vision och IF Metall respektive SKR konstaterades att sympati\u00e5tg\u00e4rderna inte \u00e4r m\u00f6jliga att genomf\u00f6ra med avsedd effekt. Av den anledningen ans\u00e5g b\u00e5de Vision och IF Metall att varslet beh\u00f6vde \u00e5terkallas.\u201d <\/p>\n<p>Segdragen konflikt<\/p>\n<p>Teslas planer p\u00e5 att etablera sig i Kalmar presenterades i april 2025, men det \u00e4r oklart n\u00e4r anl\u00e4ggningen kommer att kunna \u00f6ppna. <\/p>\n<p>IF Metalls konflikt med Elon Musks Tesla \u00e4r en av de mest segdragna i modern tid, och \u00e4n s\u00e5 l\u00e4nge syns inga tecken p\u00e5 en l\u00f6sning.<\/p>\n<p><strong>KLIPP:<\/strong> 60 sekunder om h\u00e4ndelsef\u00f6rloppet i Teslastrejken<\/p>\n","protected":false},"excerpt":{"rendered":"Det var i b\u00f6rjan av december som fackf\u00f6rbundet Vision varslade om blockad i Kalmar till st\u00f6d f\u00f6r IF&hellip;\n","protected":false},"author":2,"featured_media":119577,"comment_status":"","ping_status":"","sticky":false,"template":"","format":"standard","meta":{"footnotes":""},"categories":[65],"tags":[72,70,71,34,31,33,32,30],"class_list":{"0":"post-119576","1":"post","2":"type-post","3":"status-publish","4":"format-standard","5":"has-post-thumbnail","7":"category-ekonomi","8":"tag-business","9":"tag-economy","10":"tag-ekonomi","11":"tag-se","12":"tag-svenska","13":"tag-sverige","14":"tag-sweden","15":"tag-swedish"},"share_on_mastodon":{"url":"https:\/\/pubeurope.com\/@se\/115802450373828897","error":""},"_links":{"self":[{"href":"https:\/\/www.europesays.com\/se\/wp-json\/wp\/v2\/posts\/119576","targetHints":{"allow":["GET"]}}],"collection":[{"href":"https:\/\/www.europesays.com\/se\/wp-json\/wp\/v2\/posts"}],"about":[{"href":"https:\/\/www.europesays.com\/se\/wp-json\/wp\/v2\/types\/post"}],"author":[{"embeddable":true,"href":"https:\/\/www.europesays.com\/se\/wp-json\/wp\/v2\/users\/2"}],"replies":[{"embeddable":true,"href":"https:\/\/www.europesays.com\/se\/wp-json\/wp\/v2\/comments?post=119576"}],"version-history":[{"count":0,"href":"https:\/\/www.europesays.com\/se\/wp-json\/wp\/v2\/posts\/119576\/revisions"}],"wp:featuredmedia":[{"embeddable":true,"href":"https:\/\/www.europesays.com\/se\/wp-json\/wp\/v2\/media\/119577"}],"wp:attachment":[{"href":"https:\/\/www.europesays.com\/se\/wp-json\/wp\/v2\/media?parent=119576"}],"wp:term":[{"taxonomy":"category","embeddable":true,"href":"https:\/\/www.europesays.com\/se\/wp-json\/wp\/v2\/categories?post=119576"},{"taxonomy":"post_tag","embeddable":true,"href":"https:\/\/www.europesays.com\/se\/wp-json\/wp\/v2\/tags?post=119576"}],"curies":[{"name":"wp","href":"https:\/\/api.w.org\/{rel}","templated":true}]}}