{"id":119597,"date":"2025-12-29T10:58:13","date_gmt":"2025-12-29T10:58:13","guid":{"rendered":"https:\/\/www.europesays.com\/se\/119597\/"},"modified":"2025-12-29T10:58:13","modified_gmt":"2025-12-29T10:58:13","slug":"en-perfekt-langfilm-nar-man-ar-ledig-jonkopings-posten","status":"publish","type":"post","link":"https:\/\/www.europesays.com\/se\/119597\/","title":{"rendered":"\u201dEn perfekt l\u00e5ngfilm n\u00e4r man \u00e4r ledig\u201d \u2013 J\u00f6nk\u00f6pings-Posten"},"content":{"rendered":"<p>JP:s ny\u00e5rspanel best\u00e5r av k\u00e4nda kultur- och n\u00f6jesprofiler fr\u00e5n J\u00f6nk\u00f6ping. H\u00e4r tipsar de om b\u00f6cker, serier och musik att njuta av under lediga dagar.<\/p>\n<p><strong>Sofia Dal\u00e9n <\/strong>\u2013 komiker och revyartist fr\u00e5n J\u00f6nk\u00f6ping:<\/p>\n<p><strong>Tips om en aktuell bok?<\/strong><br \/>Bea Uusmas \u201dVit\u00f6n\u201d. Illustrerad utg\u00e5va. Den har J\u00f6nk\u00f6pingskoppling och \u00e4r en otrolig uppf\u00f6ljare till hennes f\u00f6rra bok.<\/p>\n<p><strong>Och musik?<\/strong><br \/>En l\u00e5t som \u00e4r aktuell f\u00f6r mig \u00e4r Hasse och Tages \u201d\u00d6l\u201d. Den var min mest spelade l\u00e5t under 2025. Den \u00e4r revyig och handlar om att vilja barnen v\u00e4l. 170 g\u00e5nger lyssnade jag p\u00e5 den. <\/p>\n<p><strong>Tv-serie?<\/strong><br \/>\u201dThe Girlfriend\u201d. Jag gillar psykologiska thrillers och miniserier. Den h\u00e4r orkar man se, eftersom det bara \u00e4r sex avsnitt. Dessutom \u00e4r den lurig, man vet inte vem som har r\u00e4tt, eftersom den ber\u00e4ttas ur tv\u00e5 perspektiv.<\/p>\n<p><strong>Film?<\/strong><br \/>\u201dPast Lives\u201d fr\u00e5n 2023. Den \u00e4r vemodig och fin. Sedan utspelar den sig i New York och det gillar man alltid.<\/p>\n<p aria-disabled=\"true\" class=\"ad__preamble ad-text txt-style-muted txt-ui txt-ui--strong txt-ui-2\">Annons<\/p>\n<p aria-disabled=\"true\" class=\"ad__preamble ad-text txt-style-muted txt-ui txt-ui--strong txt-ui-2\">Annons<\/p>\n<p><img decoding=\"async\" width=\"640\" height=\"510\" class=\"article-image article-image--unbound\" alt=\"Matilda Ambr\u00e9 tipsar om den gulliga tv-serien \u201dParterapi i Gagnef\u201d.\" src=\"https:\/\/www.europesays.com\/se\/wp-content\/uploads\/2025\/12\/386a2d78-9ffd-490b-bd09-e6057fe1a6ee.jpeg\"   loading=\"lazy\"\/><a class=\"article__lightbox-link\" href=\"https:\/\/static.bonniernews.se\/ba\/386a2d78-9ffd-490b-bd09-e6057fe1a6ee.jpeg?width=1400&amp;format=pjpg&amp;auto=avif\" data-pswp-width=\"1400\" data-pswp-height=\"1117\" data-pswp-caption=\"Matilda Ambr\u00e9 tipsar om den gulliga tv-serien \u201dParterapi i Gagnef\u201d. Bild: Lars Kroon\" data-pswp- rel=\"nofollow noopener\" target=\"_blank\">\u00d6ppna bild i helsk\u00e4rmsl\u00e4ge<\/a><\/p>\n<p class=\"txt-style-muted\" aria-hidden=\"true\">Matilda Ambr\u00e9 tipsar om den gulliga tv-serien \u201dParterapi i Gagnef\u201d.<\/p>\n<p class=\"article__figcaption-attribution txt-style-muted\">Bild: Lars Kroon<\/p>\n<p><strong>Matilda Ambr\u00e9 <\/strong>\u2013 producent och musikalartist:<\/p>\n<p><strong>Tips om en aktuell bok?<\/strong><br \/>H\u00e5kan Nessers nya, \u201dDet finmaskiga n\u00e4tet\u201d, ser jag fram emot att l\u00e4sa. Jag \u00e4lskar hans b\u00f6cker. \u00c4ven om det finns en kriminalhistoria i grunden \u00e4r det inget blod och splatter. Finurliga deckare med bra spr\u00e5k.<\/p>\n<p><strong>Och musik?<\/strong><br \/>Philip Wareborns \u201dJulharmonier fr\u00e5n Sm\u00e5land\u201d.<\/p>\n<p><strong>Tv-serie?<\/strong><br \/>D\u00e5 s\u00e4ger jag \u201dParterapi i Gagnef\u201d. Den tyckte jag var gullig och underh\u00e5llande med mycket igenk\u00e4nning.<\/p>\n<p><strong>Film?<\/strong><br \/>Jag har inget tips p\u00e5 n\u00e5gon aktuell film, men d\u00e4remot kan jag tipsa om en film att se om. N\u00e4mligen \u201dTitanic\u201d. Det \u00e4r en perfekt l\u00e5ngfilm att se n\u00e4r man \u00e4r ledig. <\/p>\n<p><img decoding=\"async\" width=\"640\" height=\"554\" class=\"article-image article-image--unbound\" alt=\"Tina Gardestrand tipsar om Leonardo DiCaprios senaste film.\" src=\"https:\/\/www.europesays.com\/se\/wp-content\/uploads\/2025\/12\/3de87286-c76f-4430-aa3c-0fc3d7e03992.jpeg\"   loading=\"lazy\"\/><a class=\"article__lightbox-link\" href=\"https:\/\/static.bonniernews.se\/ba\/3de87286-c76f-4430-aa3c-0fc3d7e03992.jpeg?width=1400&amp;format=pjpg&amp;auto=avif\" data-pswp-width=\"1400\" data-pswp-height=\"1213\" data-pswp-caption=\"Tina Gardestrand tipsar om Leonardo DiCaprios senaste film. Bild: Privat\" data-pswp- rel=\"nofollow noopener\" target=\"_blank\">\u00d6ppna bild i helsk\u00e4rmsl\u00e4ge<\/a><\/p>\n<p class=\"txt-style-muted\" aria-hidden=\"true\">Tina Gardestrand tipsar om Leonardo DiCaprios senaste film.<\/p>\n<p class=\"article__figcaption-attribution txt-style-muted\">Bild: Privat<\/p>\n<p><strong>Tina Gardestrand <\/strong>\u2013 utvecklingskonsult och arrang\u00f6r, s\u00e5ngare i bandet I\u2019m from Barcelona:<\/p>\n<p><strong>Tips om en aktuell bok?<\/strong><br \/>Jag har just f\u00e5tt Miranda Julys \u201dAll fours\u201d av min man inf\u00f6r en resa. Han har s\u00e5lt in den h\u00e5rt till mig, s\u00e5 mitt m\u00e5l under ledigheten \u00e4r att l\u00e4sa ut den. Hoppas den \u00e4r lika bra som folk s\u00e4ger.<\/p>\n<p><strong>Och musik?<\/strong><br \/>Jag \u00e4r fortfarande h\u00f6g p\u00e5 att ha sett Refused Farewell tour. Det var h\u00e4rligt att f\u00e5 g\u00e5 p\u00e5 n\u00e5got, d\u00e4r alla var n\u00e4rvarande i rummet och deltog i en hyllning. Som att kastas tillbaka till 90-talet.<\/p>\n<p aria-disabled=\"true\" class=\"ad__preamble ad-text txt-style-muted txt-ui txt-ui--strong txt-ui-2\">Annons<\/p>\n<p><strong>En tv-serie?<\/strong><br \/>Jag har precis b\u00f6rjat kolla \u201dHunters\u201d p\u00e5 Netflix och den verkar lovande. B\u00e5de Al Pacino och andra stora sk\u00e5despelare \u00e4r med. Den handlar om nazister och fascister som finns kvar i samh\u00e4llet.<\/p>\n<p aria-disabled=\"true\" class=\"ad__preamble ad-text txt-style-muted txt-ui txt-ui--strong txt-ui-2\">Annons<\/p>\n<p><strong>Film?<\/strong><br \/>Leonardo DiCaprios senaste film, \u201dOne Battle After Another\u201d tyckte jag var v\u00e4ldigt bra. Riktigt sev\u00e4rd. Flera sk\u00e5despelare som man k\u00e4nner igen gjorde bra roller.<\/p>\n<p><img decoding=\"async\" width=\"640\" height=\"574\" class=\"article-image article-image--unbound\" alt=\"Andreas Fors\u00e9n Jonsson tipsar om Mel Robbins \u201dLet them-teorin\u201d.\" src=\"https:\/\/www.europesays.com\/se\/wp-content\/uploads\/2025\/12\/d6cb425c-4c10-4a9d-8f47-7ac2636a953e.jpeg\"   loading=\"lazy\"\/><a class=\"article__lightbox-link\" href=\"https:\/\/static.bonniernews.se\/ba\/d6cb425c-4c10-4a9d-8f47-7ac2636a953e.jpeg?width=1400&amp;format=pjpg&amp;auto=avif\" data-pswp-width=\"1400\" data-pswp-height=\"1256\" data-pswp-caption=\"Andreas Fors\u00e9n Jonsson tipsar om Mel Robbins \u201dLet them-teorin\u201d. Bild: Pressbild\" data-pswp- rel=\"nofollow noopener\" target=\"_blank\">\u00d6ppna bild i helsk\u00e4rmsl\u00e4ge<\/a><\/p>\n<p class=\"txt-style-muted\" aria-hidden=\"true\">Andreas Fors\u00e9n Jonsson tipsar om Mel Robbins \u201dLet them-teorin\u201d.<\/p>\n<p class=\"article__figcaption-attribution txt-style-muted\">Bild: Pressbild<\/p>\n<p><strong>Andreas Fors\u00e9n Jonsson <\/strong>\u2013 f\u00f6rel\u00e4sare fr\u00e5n J\u00f6nk\u00f6ping. Aktuell med turn\u00e9n \u201dJag har inte tid\u201d:<\/p>\n<p><strong>Tipsa om en aktuell bok?<\/strong><br \/>\u201dLet them-teorin\u201d av Mel Robbins. Hon \u00e4r en stor inspiration. Teorin handlar om att man ska l\u00e5ta andra g\u00f6ra det de g\u00f6r. Man kan inte ta ansvar f\u00f6r att n\u00e5gon pratar illa om en till exempel. Sl\u00e4pp det och f\u00f6rs\u00f6k ist\u00e4llet p\u00e5verka det du kan p\u00e5verka.<\/p>\n<p><strong>Och musik?<\/strong><br \/>Jag \u00e4r en s\u00e5dan som fastnar f\u00f6r l\u00e5tar och lyssnar s\u00f6nder dem. Just nu \u00e4r det \u201dGl\u00f6mmer av andas\u201d av Noa Lucen. Det \u00e4r en sjukt bra l\u00e5t.<\/p>\n<p><strong>Tv-serie?<\/strong><br \/>Jag gillar danska krimserier. Den senaste jag har sett hette \u201dLegenden\u201d. Dansk krim \u00e4r helt enkelt otroligt bra.<\/p>\n<p><strong>Film?<\/strong><br \/>Jag gillar julfilmer och ser om dem mer \u00e4n en g\u00e5ng. Kanske snarare sex\u2013sju g\u00e5nger\u2026 \u201dLast Christmas\u201d med soundtrack av George Michael-l\u00e5tar \u00e4r en fin och sorglig historia. Jag gillar n\u00e4r humor och vemod blandas, s\u00e5 att man b\u00e5de f\u00e5r skratta och gr\u00e5ta.<\/p>\n<p aria-disabled=\"true\" class=\"ad__preamble ad-text txt-style-muted txt-ui txt-ui--strong txt-ui-2\">Annons<\/p>\n<p><img decoding=\"async\" width=\"640\" height=\"427\" class=\"article-image article-image--unbound\" alt=\"Kulturskribenten Eric Luth tipsar om filmen \u201dSvindlande h\u00f6jder\u201d.\" src=\"https:\/\/www.europesays.com\/se\/wp-content\/uploads\/2025\/12\/54d71450-ce4b-4abe-a9d5-d25480c5ac41.jpeg\"   loading=\"lazy\"\/><a class=\"article__lightbox-link\" href=\"https:\/\/static.bonniernews.se\/ba\/54d71450-ce4b-4abe-a9d5-d25480c5ac41.jpeg?width=1400&amp;format=pjpg&amp;auto=avif\" data-pswp-width=\"1400\" data-pswp-height=\"933\" data-pswp-caption=\"Kulturskribenten Eric Luth tipsar om filmen \u201dSvindlande h\u00f6jder\u201d. Bild: Peter Feurst\" data-pswp- rel=\"nofollow noopener\" target=\"_blank\">\u00d6ppna bild i helsk\u00e4rmsl\u00e4ge<\/a><\/p>\n<p class=\"txt-style-muted\" aria-hidden=\"true\">Kulturskribenten Eric Luth tipsar om filmen \u201dSvindlande h\u00f6jder\u201d.<\/p>\n<p class=\"article__figcaption-attribution txt-style-muted\">Bild: Peter Feurst<\/p>\n<p><strong>Eric Luth <\/strong>\u2013 kulturskribent och vice vd f\u00f6r tankesmedjan Forbes:<\/p>\n<p><strong>Tipsa om en aktuell bok?<\/strong><br \/>\u201dFolkmord\u201d av Mark Klamberg. Han skriver en historik kring folkmordsbegreppet och hur Sverige har st\u00e4llt sig till det. Boken b\u00f6rjade han med innan Israel och Palestina-konfliften blossade upp igen och det har varit h\u00e4ftigt f\u00f6lja hans egen utveckling. Han \u00e4r sj\u00e4lv jude och brottas mycket med allt som h\u00e4nder i v\u00e4rlden. Det \u00e4r ingen uppmuntrande bok, men viktig.<\/p>\n<p aria-disabled=\"true\" class=\"ad__preamble ad-text txt-style-muted txt-ui txt-ui--strong txt-ui-2\">Annons<\/p>\n<p><strong>Och musik?<\/strong><br \/>Det \u00e4r kul att f\u00f6lja de unga killarna i Nektar. Ett g\u00e4ng 17-\u00e5ringar fr\u00e5n G\u00f6teborg som tar vid d\u00e4r Terra slutade. Det finns mycket bra samtida musik. Det ploppar upp ny svensk musik hela tiden.<\/p>\n<p><strong>Tv-serie?<\/strong><br \/>Jag \u00e4r arg \u00f6ver att ingen svensk plattform visar \u201dThe narrow road to the Deep North\u201d. Det \u00e4r en av de b\u00e4sta b\u00f6ckerna fr\u00e5n f\u00f6rra \u00e5rtiondet. Den \u00e4r skriven av en australiensisk f\u00f6rfattare, som heter Richard Flanagan, och nu har den blivit tv-serie. Det \u00e4r j\u00e4ttetunga sk\u00e5despelarnamn och den har f\u00e5tt oerh\u00f6rt bra recensioner, men ingen svensk distribut\u00f6r tar in den.<\/p>\n<p><strong>Tips om aktuell film: <\/strong><br \/>Jag \u00e4r v\u00e4l en av alla singlar som kommer g\u00e5 att se \u201dWuthering Heights\u201d, allts\u00e5 \u201dSvindlande h\u00f6jder\u201d p\u00e5 bio p\u00e5 Alla hj\u00e4rtans dag.<\/p>\n<p><img decoding=\"async\" width=\"640\" height=\"426\" class=\"article-image article-image--unbound\" alt=\"F\u00f6rfattaren Gunnar K\u00e4llstr\u00f6m tipsar om Fia Ekborgs visor.\" src=\"https:\/\/www.europesays.com\/se\/wp-content\/uploads\/2025\/12\/5dafdfd2-3437-44ed-b305-844ce418a4b3.jpeg\"   loading=\"lazy\"\/><a class=\"article__lightbox-link\" href=\"https:\/\/static.bonniernews.se\/ba\/5dafdfd2-3437-44ed-b305-844ce418a4b3.jpeg?width=1400&amp;format=pjpg&amp;auto=avif\" data-pswp-width=\"1400\" data-pswp-height=\"932\" data-pswp-caption=\"F\u00f6rfattaren Gunnar K\u00e4llstr\u00f6m tipsar om Fia Ekborgs visor. Bild: Robert Eriksson\" data-pswp- rel=\"nofollow noopener\" target=\"_blank\">\u00d6ppna bild i helsk\u00e4rmsl\u00e4ge<\/a><\/p>\n<p class=\"txt-style-muted\" aria-hidden=\"true\">F\u00f6rfattaren Gunnar K\u00e4llstr\u00f6m tipsar om Fia Ekborgs visor.<\/p>\n<p class=\"article__figcaption-attribution txt-style-muted\">Bild: Robert Eriksson<\/p>\n<p aria-disabled=\"true\" class=\"ad__preamble ad-text txt-style-muted txt-ui txt-ui--strong txt-ui-2\">Annons<\/p>\n<p><strong>Gunnar K\u00e4llstr\u00f6m <\/strong>\u2013 f\u00f6rfattare och viss\u00e5ngare fr\u00e5n Ekhagen, tidigare verksamhetsutvecklare p\u00e5 J\u00f6nk\u00f6pings litteraturhus:<\/p>\n<p><strong>Tipsa om en aktuell bok? <\/strong><br \/>Lydia Sandgrens \u201dArtens \u00f6verlevnad\u201d. Hon har en s\u00e5dan m\u00e4nniskok\u00e4nnedom och humor. Sedan \u00e4r det kul att boken utspelar sig i en konstn\u00e4rsmilj\u00f6 i G\u00f6teborg p\u00e5 80-talet. Jag bodde sj\u00e4lv i G\u00f6teborg p\u00e5 den tiden och minns svartklubbarna hon beskriver.<\/p>\n<p><strong>Och musik?<\/strong><br \/>Fia Ekborgs visplatta \u201dF\u00e5geln du broderade bl\u00e5\u201d. Den \u00e4r helt otroligt bra. S\u00e4rskilt duetten \u201dBrev fr\u00e5n himlen\u201d med Dan Berglund som handlar om hur man kan f\u00f6rl\u00e5ta n\u00e5got i efterhand, n\u00e4r det egentligen \u00e4r f\u00f6rsent. Den \u00e4r ett litet m\u00e4sterverk.<\/p>\n<p><strong>Tv-serie?<\/strong><br \/>Babel. Jag gillar intervjuerna och Jessika Gedin \u00e4r fantastisk som programledare. Vi har f\u00f6r f\u00e5 s\u00e5dana levande m\u00f6ten p\u00e5 tv.<\/p>\n<p><strong>Film?<\/strong><br \/>Den nya filmatiseringen av Mary Shelley \u201dFrankenstein\u201d \u00e4r v\u00e4ldigt bra. Det hade jag inte trott, men den \u00e4r en fantastisk inlaga i debatten om AI och hela den tid vi lever i. T\u00e4nk att en s\u00e5 gammal bok fortfarande st\u00e5r sig.<\/p>\n","protected":false},"excerpt":{"rendered":"JP:s ny\u00e5rspanel best\u00e5r av k\u00e4nda kultur- och n\u00f6jesprofiler fr\u00e5n J\u00f6nk\u00f6ping. H\u00e4r tipsar de om b\u00f6cker, serier och musik&hellip;\n","protected":false},"author":2,"featured_media":119598,"comment_status":"","ping_status":"","sticky":false,"template":"","format":"standard","meta":{"footnotes":""},"categories":[67],"tags":[104,34,31,33,32,30,105],"class_list":{"0":"post-119597","1":"post","2":"type-post","3":"status-publish","4":"format-standard","5":"has-post-thumbnail","7":"category-underhallning","8":"tag-entertainment","9":"tag-se","10":"tag-svenska","11":"tag-sverige","12":"tag-sweden","13":"tag-swedish","14":"tag-underhallning"},"share_on_mastodon":{"url":"https:\/\/pubeurope.com\/@se\/115802505402159895","error":""},"_links":{"self":[{"href":"https:\/\/www.europesays.com\/se\/wp-json\/wp\/v2\/posts\/119597","targetHints":{"allow":["GET"]}}],"collection":[{"href":"https:\/\/www.europesays.com\/se\/wp-json\/wp\/v2\/posts"}],"about":[{"href":"https:\/\/www.europesays.com\/se\/wp-json\/wp\/v2\/types\/post"}],"author":[{"embeddable":true,"href":"https:\/\/www.europesays.com\/se\/wp-json\/wp\/v2\/users\/2"}],"replies":[{"embeddable":true,"href":"https:\/\/www.europesays.com\/se\/wp-json\/wp\/v2\/comments?post=119597"}],"version-history":[{"count":0,"href":"https:\/\/www.europesays.com\/se\/wp-json\/wp\/v2\/posts\/119597\/revisions"}],"wp:featuredmedia":[{"embeddable":true,"href":"https:\/\/www.europesays.com\/se\/wp-json\/wp\/v2\/media\/119598"}],"wp:attachment":[{"href":"https:\/\/www.europesays.com\/se\/wp-json\/wp\/v2\/media?parent=119597"}],"wp:term":[{"taxonomy":"category","embeddable":true,"href":"https:\/\/www.europesays.com\/se\/wp-json\/wp\/v2\/categories?post=119597"},{"taxonomy":"post_tag","embeddable":true,"href":"https:\/\/www.europesays.com\/se\/wp-json\/wp\/v2\/tags?post=119597"}],"curies":[{"name":"wp","href":"https:\/\/api.w.org\/{rel}","templated":true}]}}