{"id":119599,"date":"2025-12-29T11:00:07","date_gmt":"2025-12-29T11:00:07","guid":{"rendered":"https:\/\/www.europesays.com\/se\/119599\/"},"modified":"2025-12-29T11:00:07","modified_gmt":"2025-12-29T11:00:07","slug":"kommunernas-nota-for-nya-pfas-regler-lagre-an-vantat","status":"publish","type":"post","link":"https:\/\/www.europesays.com\/se\/119599\/","title":{"rendered":"Kommunernas nota f\u00f6r nya PFAS-regler l\u00e4gre \u00e4n v\u00e4ntat"},"content":{"rendered":"<p>25 av Sveriges kommuner beh\u00f6ver investera i effektivare rening f\u00f6r att klara av de h\u00e5rdare reglerna f\u00f6r PFAS som tr\u00e4der i kraft efter \u00e5rsskiftet. Totalt r\u00f6r det sig om en investering p\u00e5 1,4 miljarder kronor, enligt branschorganisationen Svenskt Vattens ber\u00e4kningar. <\/p>\n<p>Det \u00e4r l\u00e4gre \u00e4n de 6 miljarder kronor som tidigare ber\u00e4kningar gjort g\u00e4llande, till stor del p\u00e5 grund av att majoriteten av kommunerna redan har tillr\u00e4ckligt robusta reningsverk. <\/p>\n<p>\u2013 V\u00e5ra medlemmar anv\u00e4nder kostnadseffektiva och v\u00e4letablerade reningsmetoder och det m\u00e4rks b\u00e5de p\u00e5 resultat och kostnad, s\u00e4ger Svenskt Vattens vd P\u00e4r Dalhielm enligt pressmeddelandet.<\/p>\n<p>De nya reglerna som tr\u00e4der i kraft den 1 januari omfattar fyra PFAS-\u00e4mnen och inneb\u00e4r att dricksvattnet f\u00e5r inneh\u00e5lla max fyra nanogram per liter av dessa. <\/p>\n<p>Omni \u00e4r politiskt obundna och oberoende. Vi str\u00e4var efter att ge fler perspektiv p\u00e5 nyheterna. Har du fr\u00e5gor eller synpunkter kring v\u00e5r rapportering? <a href=\"https:\/\/omni.se\/kommunernas-nota-for-nya-pfas-regler-lagre-an-vantat\/a\/mailto:redaktion@omni.se\" class=\"ArticleActions_contactLink__W2F1M\" rel=\"nofollow noopener\" target=\"_blank\">Kontakta redaktionen<\/a><\/p>\n","protected":false},"excerpt":{"rendered":"25 av Sveriges kommuner beh\u00f6ver investera i effektivare rening f\u00f6r att klara av de h\u00e5rdare reglerna f\u00f6r PFAS&hellip;\n","protected":false},"author":2,"featured_media":119600,"comment_status":"","ping_status":"","sticky":false,"template":"","format":"standard","meta":{"footnotes":""},"categories":[65],"tags":[72,70,71,12767,34,31,33,32,30],"class_list":{"0":"post-119599","1":"post","2":"type-post","3":"status-publish","4":"format-standard","5":"has-post-thumbnail","7":"category-ekonomi","8":"tag-business","9":"tag-economy","10":"tag-ekonomi","11":"tag-pfas","12":"tag-se","13":"tag-svenska","14":"tag-sverige","15":"tag-sweden","16":"tag-swedish"},"share_on_mastodon":{"url":"https:\/\/pubeurope.com\/@se\/115802513347048990","error":""},"_links":{"self":[{"href":"https:\/\/www.europesays.com\/se\/wp-json\/wp\/v2\/posts\/119599","targetHints":{"allow":["GET"]}}],"collection":[{"href":"https:\/\/www.europesays.com\/se\/wp-json\/wp\/v2\/posts"}],"about":[{"href":"https:\/\/www.europesays.com\/se\/wp-json\/wp\/v2\/types\/post"}],"author":[{"embeddable":true,"href":"https:\/\/www.europesays.com\/se\/wp-json\/wp\/v2\/users\/2"}],"replies":[{"embeddable":true,"href":"https:\/\/www.europesays.com\/se\/wp-json\/wp\/v2\/comments?post=119599"}],"version-history":[{"count":0,"href":"https:\/\/www.europesays.com\/se\/wp-json\/wp\/v2\/posts\/119599\/revisions"}],"wp:featuredmedia":[{"embeddable":true,"href":"https:\/\/www.europesays.com\/se\/wp-json\/wp\/v2\/media\/119600"}],"wp:attachment":[{"href":"https:\/\/www.europesays.com\/se\/wp-json\/wp\/v2\/media?parent=119599"}],"wp:term":[{"taxonomy":"category","embeddable":true,"href":"https:\/\/www.europesays.com\/se\/wp-json\/wp\/v2\/categories?post=119599"},{"taxonomy":"post_tag","embeddable":true,"href":"https:\/\/www.europesays.com\/se\/wp-json\/wp\/v2\/tags?post=119599"}],"curies":[{"name":"wp","href":"https:\/\/api.w.org\/{rel}","templated":true}]}}