{"id":119603,"date":"2025-12-29T11:02:19","date_gmt":"2025-12-29T11:02:19","guid":{"rendered":"https:\/\/www.europesays.com\/se\/119603\/"},"modified":"2025-12-29T11:02:19","modified_gmt":"2025-12-29T11:02:19","slug":"nya-valdistrikt-pa-gang-varnamo","status":"publish","type":"post","link":"https:\/\/www.europesays.com\/se\/119603\/","title":{"rendered":"Nya valdistrikt p\u00e5 g\u00e5ng &#8211; V\u00e4rnamo"},"content":{"rendered":"<p class=\"p1\">Under f\u00f6rra m\u00e5naden ber\u00e4ttade <a style=\"color: #ff0000;\" href=\"https:\/\/xn--vrnamo-bua.nu\/nyheter\/nya-valdistrikt-pa-gang\/\" rel=\"nofollow noopener\" target=\"_blank\">vi<\/a> att kommunfullm\u00e4ktige gett klartecken till att g\u00f6ra om n\u00e5gra av kommunens valdistrikt. Nu har l\u00e4nsstyrelsen sagt sitt i fr\u00e5gan. I ett meddelande till kommunfullm\u00e4ktiges ledam\u00f6ter ber\u00e4ttas att de har gett klartecken till kommunens f\u00f6rslag. Hur ser f\u00f6r\u00e4ndringarna ut rent konkret? Jo, p\u00e5 f\u00f6ljande s\u00e4tt:<\/p>\n<p>\u2217 Valdistriktet K\u00e4rda delas upp. Omr\u00e5det norr om 27:an tillf\u00f6rs till valdistriktet V\u00e4sthorja och omr\u00e5det s\u00f6der om 27:an tillf\u00f6rs till valdistrikt Forsheda.<\/p>\n<p class=\"p1\">\u2217 Valdistriktet Bredaryds landsbygd f\u00f6rs samman med valdistriktet Bredaryds t\u00e4tort och bildar ett nytt valdistrikt Bredaryd.<\/p>\n<p class=\"p1\">\u2217 Valdistriktet Horda delas upp mellan valdistrikten Rydaholm och Bor. H\u00e4nsyn till n\u00e4rhet till vallokal och att f\u00f6rs\u00f6ka f\u00f6lja gr\u00e4nserna f\u00f6r f\u00f6rsamlingen har tagits i beaktande.<\/p>\n<p class=\"p1\">\u2217 Valdistrikt Fryele tillf\u00f6rs mer omr\u00e5den kring H\u00f6rle som i dag tillh\u00f6r V\u00e4sthorja valdistrikt. Valdistrikt V\u00e4sthorja ut\u00f6kas med r\u00f6stber\u00e4ttigade fr\u00e5n K\u00e4rda och kommer fortfarande vara tillr\u00e4ckligt stort. \u00c4ven delar av R\u00f6rstorps valdistrikt flyttas till Fryele valdistrikt, omr\u00e5den kring N\u00e4sudden.<\/p>\n","protected":false},"excerpt":{"rendered":"Under f\u00f6rra m\u00e5naden ber\u00e4ttade vi att kommunfullm\u00e4ktige gett klartecken till att g\u00f6ra om n\u00e5gra av kommunens valdistrikt. Nu&hellip;\n","protected":false},"author":2,"featured_media":119604,"comment_status":"","ping_status":"","sticky":false,"template":"","format":"standard","meta":{"footnotes":""},"categories":[12],"tags":[22,23,26,27,17,21,24,25,28,29,15,16,18,34,31,33,32,30,19,20],"class_list":{"0":"post-119603","1":"post","2":"type-post","3":"status-publish","4":"format-standard","5":"has-post-thumbnail","7":"category-sverige","8":"tag-breaking-news","9":"tag-breakingnews","10":"tag-featured-news","11":"tag-featurednews","12":"tag-headlines","13":"tag-huvudnyheter","14":"tag-latest-news","15":"tag-latestnews","16":"tag-main-news","17":"tag-mainnews","18":"tag-news","19":"tag-nyheter","20":"tag-rubriker","21":"tag-se","22":"tag-svenska","23":"tag-sverige","24":"tag-sweden","25":"tag-swedish","26":"tag-top-stories","27":"tag-topstories"},"share_on_mastodon":{"url":"https:\/\/pubeurope.com\/@se\/115802521198423815","error":""},"_links":{"self":[{"href":"https:\/\/www.europesays.com\/se\/wp-json\/wp\/v2\/posts\/119603","targetHints":{"allow":["GET"]}}],"collection":[{"href":"https:\/\/www.europesays.com\/se\/wp-json\/wp\/v2\/posts"}],"about":[{"href":"https:\/\/www.europesays.com\/se\/wp-json\/wp\/v2\/types\/post"}],"author":[{"embeddable":true,"href":"https:\/\/www.europesays.com\/se\/wp-json\/wp\/v2\/users\/2"}],"replies":[{"embeddable":true,"href":"https:\/\/www.europesays.com\/se\/wp-json\/wp\/v2\/comments?post=119603"}],"version-history":[{"count":0,"href":"https:\/\/www.europesays.com\/se\/wp-json\/wp\/v2\/posts\/119603\/revisions"}],"wp:featuredmedia":[{"embeddable":true,"href":"https:\/\/www.europesays.com\/se\/wp-json\/wp\/v2\/media\/119604"}],"wp:attachment":[{"href":"https:\/\/www.europesays.com\/se\/wp-json\/wp\/v2\/media?parent=119603"}],"wp:term":[{"taxonomy":"category","embeddable":true,"href":"https:\/\/www.europesays.com\/se\/wp-json\/wp\/v2\/categories?post=119603"},{"taxonomy":"post_tag","embeddable":true,"href":"https:\/\/www.europesays.com\/se\/wp-json\/wp\/v2\/tags?post=119603"}],"curies":[{"name":"wp","href":"https:\/\/api.w.org\/{rel}","templated":true}]}}