{"id":119605,"date":"2025-12-29T11:03:08","date_gmt":"2025-12-29T11:03:08","guid":{"rendered":"https:\/\/www.europesays.com\/se\/119605\/"},"modified":"2025-12-29T11:03:08","modified_gmt":"2025-12-29T11:03:08","slug":"orange-vindvarning-for-faro-och-farosund","status":"publish","type":"post","link":"https:\/\/www.europesays.com\/se\/119605\/","title":{"rendered":"Orange vindvarning f\u00f6r F\u00e5r\u00f6 och F\u00e5r\u00f6sund"},"content":{"rendered":"<p class=\"font-description\">SMHI har utf\u00e4rdat en orange varning f\u00f6r F\u00e5r\u00f6 och F\u00e5r\u00f6sund och gul varning f\u00f6r nordv\u00e4stra Gotland. Varningen g\u00e4ller under tisdag den 30 december kl. 00.00 \u2013 kl. 19.00, d\u00e5 det v\u00e4ntas mycket bl\u00e5sigt v\u00e4der med nordv\u00e4stliga stormbyar.<\/p>\n<p class=\"font-normal\">Orange varning g\u00e4ller f\u00f6r F\u00e5r\u00f6sund och F\u00e5r\u00f6 d\u00e4r det kan bli nordv\u00e4stliga vindar upp till stormstyrka p\u00e5 25\u201328 m\/s.<\/p>\n<p class=\"font-normal\">Gul varning g\u00e4ller f\u00f6r nordv\u00e4stra Gotland d\u00e4r det kan bli nordv\u00e4stliga vindbyar som tidvis v\u00e4ntas n\u00e5 stormstyrka.<\/p>\n<p>Vad ska jag t\u00e4nka p\u00e5?<\/p>\n<ul class=\" sol-bullet-list font-normal\">\n<li>F\u00f6rseningar eller inst\u00e4llda avg\u00e5ngar inom kollektivtrafiken och statliga v\u00e4gf\u00e4rjor \u00e4r sannolika.<\/li>\n<li>Ge dig inte ut i trafiken i on\u00f6dan eller f\u00f6rbered dig p\u00e5 att du kan bli stillast\u00e5ende. Det kan vara sv\u00e5rt att ta sig fram p\u00e5 v\u00e4gar p\u00e5 grund av nedfallna tr\u00e4d och grenar, och det finns risk f\u00f6r personskador.<\/li>\n<li>Elavbrott och st\u00f6rningar i telen\u00e4t \u00e4r sannolikt i omr\u00e5den med luftburna ledningar. G\u00e5 inte n\u00e4ra nedfallna elledningar.<\/li>\n<li>St\u00f6rningar i transporter och elf\u00f6rs\u00f6rjning kan inneb\u00e4ra flyttade eller f\u00f6rsenade insatser. Detta inneb\u00e4r att hemtj\u00e4nstens insatser kan bli flyttade eller f\u00f6rsenade om F\u00e5r\u00f6f\u00e4rjan inte g\u00e5r enligt tidtabell. Det kan ocks\u00e5 ta l\u00e4ngre tid att besvara larm.<\/li>\n<li>Fastigheter kan skadas, och det finns risk f\u00f6r personskador p\u00e5 grund av omkringflygande f\u00f6rem\u00e5l.<\/li>\n<li>F\u00f6rankra dina l\u00f6sa f\u00f6rem\u00e5l v\u00e4l. Undvik att vistas i skogen under och efter en storm.<\/li>\n<li>Detta inneb\u00e4r att hemtj\u00e4nstens insatser kan bli flyttade eller f\u00f6rsenade om F\u00e5r\u00f6f\u00e4rjan inte g\u00e5r enligt tidtabell. Det kan ocks\u00e5 ta l\u00e4ngre tid att besvara larm.<\/li>\n<li>H\u00e5ll g\u00e4rna lite extra kontakt med era grannar, n\u00e4ra och k\u00e4ra under tiden det bl\u00e5ser som mest.<\/li>\n<\/ul>\n<p class=\"font-normal\">H\u00e5ll dig uppdaterad om v\u00e4drets utveckling p\u00e5 SMHI:s webbplats. D\u00e4r finns \u00e4ven l\u00e4nk till krisinformation.se med r\u00e5d om hur du f\u00f6rbereder dig inf\u00f6r ov\u00e4der.<\/p>\n","protected":false},"excerpt":{"rendered":"SMHI har utf\u00e4rdat en orange varning f\u00f6r F\u00e5r\u00f6 och F\u00e5r\u00f6sund och gul varning f\u00f6r nordv\u00e4stra Gotland. Varningen g\u00e4ller&hellip;\n","protected":false},"author":2,"featured_media":3804,"comment_status":"","ping_status":"","sticky":false,"template":"","format":"standard","meta":{"footnotes":""},"categories":[5],"tags":[22,23,26,27,17,21,24,25,28,29,15,16,18,34,31,33,32,30,19,20],"class_list":{"0":"post-119605","1":"post","2":"type-post","3":"status-publish","4":"format-standard","5":"has-post-thumbnail","7":"category-rubriker","8":"tag-breaking-news","9":"tag-breakingnews","10":"tag-featured-news","11":"tag-featurednews","12":"tag-headlines","13":"tag-huvudnyheter","14":"tag-latest-news","15":"tag-latestnews","16":"tag-main-news","17":"tag-mainnews","18":"tag-news","19":"tag-nyheter","20":"tag-rubriker","21":"tag-se","22":"tag-svenska","23":"tag-sverige","24":"tag-sweden","25":"tag-swedish","26":"tag-top-stories","27":"tag-topstories"},"share_on_mastodon":{"url":"https:\/\/pubeurope.com\/@se\/115802525048611515","error":""},"_links":{"self":[{"href":"https:\/\/www.europesays.com\/se\/wp-json\/wp\/v2\/posts\/119605","targetHints":{"allow":["GET"]}}],"collection":[{"href":"https:\/\/www.europesays.com\/se\/wp-json\/wp\/v2\/posts"}],"about":[{"href":"https:\/\/www.europesays.com\/se\/wp-json\/wp\/v2\/types\/post"}],"author":[{"embeddable":true,"href":"https:\/\/www.europesays.com\/se\/wp-json\/wp\/v2\/users\/2"}],"replies":[{"embeddable":true,"href":"https:\/\/www.europesays.com\/se\/wp-json\/wp\/v2\/comments?post=119605"}],"version-history":[{"count":0,"href":"https:\/\/www.europesays.com\/se\/wp-json\/wp\/v2\/posts\/119605\/revisions"}],"wp:featuredmedia":[{"embeddable":true,"href":"https:\/\/www.europesays.com\/se\/wp-json\/wp\/v2\/media\/3804"}],"wp:attachment":[{"href":"https:\/\/www.europesays.com\/se\/wp-json\/wp\/v2\/media?parent=119605"}],"wp:term":[{"taxonomy":"category","embeddable":true,"href":"https:\/\/www.europesays.com\/se\/wp-json\/wp\/v2\/categories?post=119605"},{"taxonomy":"post_tag","embeddable":true,"href":"https:\/\/www.europesays.com\/se\/wp-json\/wp\/v2\/tags?post=119605"}],"curies":[{"name":"wp","href":"https:\/\/api.w.org\/{rel}","templated":true}]}}